{"id":71738,"date":"2018-11-09T15:44:32","date_gmt":"2018-11-09T18:44:32","guid":{"rendered":"http:\/\/www.caririemacao.com\/1\/?p=71738"},"modified":"2018-11-09T15:44:32","modified_gmt":"2018-11-09T18:44:32","slug":"enem-professores-dao-dicas-para-o-segundo-dia-de-prova","status":"publish","type":"post","link":"https:\/\/www.caririemacao.com\/1\/2018\/11\/09\/enem-professores-dao-dicas-para-o-segundo-dia-de-prova\/","title":{"rendered":"Enem: Professores d\u00e3o dicas para o segundo dia de prova"},"content":{"rendered":"<p>Neste Domingo\u00a0 4, estudantes de todo o pa\u00eds far\u00e3o as provas de ci\u00eancias da natureza e matem\u00e1tica do Exame Nacional do Ensino M\u00e9dio (Enem).<\/p>\n<p>A Ag\u00eancia Brasil conversou com professores que deram dicas de como se sair bem no exame.<\/p>\n<p>Segundo eles, \u00e9 importante n\u00e3o desistir, mesmo que n\u00e3o tenha ido muito bem no primeiro dia de prova.<\/p>\n<p>\u201cN\u00e3o d\u00e1 para abrir m\u00e3o do segundo dia de prova de jeito nenhum\u201d, disse a coordenadora pedag\u00f3gica de ensino m\u00e9dio do Col\u00e9gio Renascen\u00e7a, de S\u00e3o Paulo, Glaucimara Baraldi.<\/p>\n<p>\u201cN\u00e3o d\u00e1 para considerar que o jogo terminou sem ter terminado de verdade. N\u00e3o d\u00e1 para prever qual o tamanho da chance [de ser aprovado em uma faculdade], por mais que n\u00e3o tenha ido bem no primeiro dia\u201d.<\/p>\n<p>Glaucimara orienta os estudantes a, no dia da prova, come\u00e7arem pelas quest\u00f5es que t\u00eam mais facilidade, assim, sobrar\u00e1 mais tempo para as quest\u00f5es mais dif\u00edceis. Chutar, s\u00f3 em \u00faltimo caso.<\/p>\n<p>\u201cN\u00e3o deixe quest\u00f5es em branco. Em \u00faltimo caso, chutar, mas chutar usando algumas estrat\u00e9gias. N\u00e3o \u00e9 colocando tudo na B, por exemplo. \u00c9 ler com aten\u00e7\u00e3o e descartar as alternativas mais absurdas\u201d, aconselha.<\/p>\n<p>Segundo a coordenadora, mesmo o segundo dia de exame exige interpreta\u00e7\u00e3o.<\/p>\n<div id=\"attachment_525287\" class=\"wp-caption aligncenter\"><img decoding=\"async\" class=\"wp-image-525287 size-full lazyloaded\" src=\"https:\/\/paraibaonline.com.br\/wp-content\/uploads\/2018\/11\/ENEM-2.jpg\" sizes=\"(max-width: 754px) 100vw, 754px\" srcset=\"https:\/\/paraibaonline.com.br\/wp-content\/uploads\/2018\/11\/ENEM-2.jpg 754w, https:\/\/paraibaonline.com.br\/wp-content\/uploads\/2018\/11\/ENEM-2-567x378.jpg 567w\" alt=\"Foto: Valter Campanato\/Ag\u00eancia Brasil\" data-lazy-src=\"https:\/\/paraibaonline.com.br\/wp-content\/uploads\/2018\/11\/ENEM-2.jpg\" data-lazy-srcset=\"https:\/\/paraibaonline.com.br\/wp-content\/uploads\/2018\/11\/ENEM-2.jpg 754w, https:\/\/paraibaonline.com.br\/wp-content\/uploads\/2018\/11\/ENEM-2-567x378.jpg 567w\" data-lazy-sizes=\"(max-width: 754px) 100vw, 754px\" data-was-processed=\"true\" \/><\/p>\n<p class=\"wp-caption-text\">Foto: Valter Campanato\/Ag\u00eancia Brasil<\/p>\n<\/div>\n<p>\u201cPrestar bastante aten\u00e7\u00e3o pois o pr\u00f3prio enunciado da quest\u00e3o pode conter coisas para a resposta e at\u00e9 mesmo as pr\u00f3prias alternativas\u201d.<\/p>\n<p>Ainda d\u00e1 para estudar<br \/>\nMesmo a pouco mais de 24h para o exame, o professor de matem\u00e1tica do Anglo Vestibulares, tamb\u00e9m de S\u00e3o Paulo, Thiago Dutra, diz que ainda d\u00e1 tempo de estudar, com tranquilidade.<\/p>\n<p>\u201cSempre nessa reta final, a gente fala para os alunos darem olhada nos assuntos que apareceram nos \u00faltimos anos do Enem. Raz\u00e3o e propor\u00e7\u00e3o \u00e9 disparado o que mais cai em matem\u00e1tica no Enem\u201d, diz.<\/p>\n<p>O estudo, no entanto, n\u00e3o pode ajudar a aumentar a ansiedade. Segundo Dutra, n\u00e3o \u00e9 necess\u00e1rio resolver todas as quest\u00f5es.<\/p>\n<p>\u201c\u00c0s vezes, s\u00f3 de olharem as resolu\u00e7\u00f5es das quest\u00f5es, que est\u00e3o dispon\u00edveis na internet, j\u00e1 ajuda a associar ideias. O estudante consegue perceber padr\u00e3o de racioc\u00ednio e esses padr\u00f5es s\u00e3o prov\u00e1veis de aparecerem na prova neste final de semana\u201d.<\/p>\n<p>Dutra aconselha os estudantes a relerem inclusive a primeira etapa do Enem, aplicada no \u00faltimo final de semana, quando os estudantes fizeram provas de linguagem, ci\u00eancias humanas e reda\u00e7\u00e3o.<\/p>\n<p>\u201cContextos criados nas quest\u00f5es de humanas podem ser aproveitados nas provas de exatas. O pr\u00f3prio tema da reda\u00e7\u00e3o pode voltar a aparecer na prova de matem\u00e1tica\u201d.<\/p>\n<p>O tema da reda\u00e7\u00e3o deste ano foi \u201cManipula\u00e7\u00e3o do comportamento do usu\u00e1rio pelo controle de dados na internet\u201d.<\/p>\n<p>Corre\u00e7\u00e3o da prova<br \/>\nA corre\u00e7\u00e3o do Enem \u00e9 feita usando a metodologia da Teoria de Resposta ao Item (TRI), em que o valor de cada quest\u00e3o varia conforme o percentual de acertos e erros dos estudantes naquele item.<\/p>\n<p>Dessa forma, um item em que grande n\u00famero dos candidatos acertou a resposta ser\u00e1 considerado f\u00e1cil e, por essa raz\u00e3o, valer\u00e1 menos pontos.<\/p>\n<p>J\u00e1 o estudante que acertar uma quest\u00e3o com alto \u00edndice de erros ganhar\u00e1 mais pontos por aquele item.<\/p>\n<p>O sistema de corre\u00e7\u00e3o permite ainda detectar chutes, uma vez que cada item n\u00e3o tem uma pontua\u00e7\u00e3o fixa.<\/p>\n<p>Explicando de forma simplificada, se um candidato acertou apenas quest\u00f5es f\u00e1ceis e uma dif\u00edcil, ele ganhar\u00e1 menos pontos pela quest\u00e3o dif\u00edcil do que outro candidato que acertou mais quest\u00f5es de maior dificuldade.<\/p>\n<p>Enem 2018<br \/>\nNo \u00faltimo domingo, 4,1 milh\u00f5es de estudantes fizeram o exame, registrando-se o menor percentual de faltosos desde 2009 \u2013 24,9% do total de 5,5 milh\u00f5es de inscritos. Foram aplicadas provas de linguagem, ci\u00eancias humanas e reda\u00e7\u00e3o.<\/p>\n<p>A nota do exame poder\u00e1 ser usada para concorrer a vagas no ensino superior p\u00fablico pelo Sistema de Sele\u00e7\u00e3o Unificada (Sisu), a bolsas em institui\u00e7\u00f5es privadas, pelo Programa Universidade para Todos (ProUni) e para participar do Fundo de Financiamento Estudantil (Fies).<\/p>\n<p>Ag\u00eancia Brasil<\/p>\n","protected":false},"excerpt":{"rendered":"<p>Neste Domingo\u00a0 4, estudantes de todo o pa\u00eds far\u00e3o as provas de ci\u00eancias da natureza e matem\u00e1tica do Exame Nacional do Ensino M\u00e9dio (Enem). A&hellip; <\/p>\n","protected":false},"author":1,"featured_media":70923,"comment_status":"closed","ping_status":"closed","sticky":false,"template":"","format":"standard","meta":{"sfsi_plus_gutenberg_text_before_share":"","sfsi_plus_gutenberg_show_text_before_share":"","sfsi_plus_gutenberg_icon_type":"","sfsi_plus_gutenberg_icon_alignemt":"","sfsi_plus_gutenburg_max_per_row":"","footnotes":""},"categories":[14],"tags":[],"class_list":["post-71738","post","type-post","status-publish","format-standard","has-post-thumbnail","hentry","category-educacao"],"_links":{"self":[{"href":"https:\/\/www.caririemacao.com\/1\/wp-json\/wp\/v2\/posts\/71738","targetHints":{"allow":["GET"]}}],"collection":[{"href":"https:\/\/www.caririemacao.com\/1\/wp-json\/wp\/v2\/posts"}],"about":[{"href":"https:\/\/www.caririemacao.com\/1\/wp-json\/wp\/v2\/types\/post"}],"author":[{"embeddable":true,"href":"https:\/\/www.caririemacao.com\/1\/wp-json\/wp\/v2\/users\/1"}],"replies":[{"embeddable":true,"href":"https:\/\/www.caririemacao.com\/1\/wp-json\/wp\/v2\/comments?post=71738"}],"version-history":[{"count":1,"href":"https:\/\/www.caririemacao.com\/1\/wp-json\/wp\/v2\/posts\/71738\/revisions"}],"predecessor-version":[{"id":71739,"href":"https:\/\/www.caririemacao.com\/1\/wp-json\/wp\/v2\/posts\/71738\/revisions\/71739"}],"wp:featuredmedia":[{"embeddable":true,"href":"https:\/\/www.caririemacao.com\/1\/wp-json\/wp\/v2\/media\/70923"}],"wp:attachment":[{"href":"https:\/\/www.caririemacao.com\/1\/wp-json\/wp\/v2\/media?parent=71738"}],"wp:term":[{"taxonomy":"category","embeddable":true,"href":"https:\/\/www.caririemacao.com\/1\/wp-json\/wp\/v2\/categories?post=71738"},{"taxonomy":"post_tag","embeddable":true,"href":"https:\/\/www.caririemacao.com\/1\/wp-json\/wp\/v2\/tags?post=71738"}],"curies":[{"name":"wp","href":"https:\/\/api.w.org\/{rel}","templated":true}]}}