{"id":71745,"date":"2018-11-09T18:24:51","date_gmt":"2018-11-09T21:24:51","guid":{"rendered":"http:\/\/www.caririemacao.com\/1\/?p=71745"},"modified":"2018-11-09T18:24:51","modified_gmt":"2018-11-09T21:24:51","slug":"der-atende-pleito-do-prefeito-eden-duarte-e-sinaliza-pb-214-no-acesso-ao-mandacaru","status":"publish","type":"post","link":"https:\/\/www.caririemacao.com\/1\/2018\/11\/09\/der-atende-pleito-do-prefeito-eden-duarte-e-sinaliza-pb-214-no-acesso-ao-mandacaru\/","title":{"rendered":"DER atende pleito do prefeito \u00c9den Duarte e sinaliza PB 214 no acesso ao Mandacaru"},"content":{"rendered":"<p>O Departamento de Estradas e Rodagens da Para\u00edba (DER-PB), atendendo \u00e0 solicita\u00e7\u00e3o do prefeito \u00c9den Duarte, sinalizou as margens da rodovia PB-214, no trecho de acesso ao bairro do Mandacaru com a coloca\u00e7\u00e3o de placas e guard rail.<\/p>\n<p>\u00c9den vinha solicitando ao DER a urg\u00eancia no servi\u00e7o, devido ao fluxo constante de ve\u00edculos na \u00e1rea e ainda a passagem de pedestres, que para se ter acesso ao centro da cidade \u00e9 necess\u00e1rio trafegar pelo local.<\/p>\n<p>Outro fator necess\u00e1rio para o servi\u00e7o \u00e9 a feira de gado que acontece no trecho. A feira de Sum\u00e9 \u00e9 considerada a maior da regi\u00e3o e coloca um\u00a0<img fetchpriority=\"high\" decoding=\"async\" class=\"size-medium wp-image-26833 alignleft\" src=\"http:\/\/www.vitrinedocariri.com.br\/wp-content\/uploads\/2018\/11\/IMG-20181108-WA0019-300x225.jpg\" alt=\"\" width=\"300\" height=\"225\" \/>grande fluxo de pessoas e ve\u00edculos nas segundas-feiras nas imedia\u00e7\u00f5es da PB 214.<\/p>\n<p>O prefeito agradeceu ao DER a execu\u00e7\u00e3o do servi\u00e7o e ao mesmo tempo est\u00e1 requerendo novamente a conclus\u00e3o da terraplanagem da estrada que liga o munic\u00edpio de Sum\u00e9 a Tapero\u00e1, a PB-238, que est\u00e1 em p\u00e9ssimas condi\u00e7\u00f5es de trafegabilidade.<\/p>\n<p>\u00c9den tamb\u00e9m vem solicitando ao Departamento de Estradas e Rodagens, o microrrevestimento asf\u00e1ltico de algumas ruas do centro da cidade, que s\u00e3o as ruas: Merceano de Oliveira, Manoel Severo, Alice Japiass\u00fa de Queiroz, Cel. Sizenando Leite Rafael e Francisco de Melo.<\/p>\n<p>&nbsp;<\/p>\n","protected":false},"excerpt":{"rendered":"<p>O Departamento de Estradas e Rodagens da Para\u00edba (DER-PB), atendendo \u00e0 solicita\u00e7\u00e3o do prefeito \u00c9den Duarte, sinalizou as margens da rodovia PB-214, no trecho de&hellip; <\/p>\n","protected":false},"author":1,"featured_media":71746,"comment_status":"closed","ping_status":"closed","sticky":false,"template":"","format":"standard","meta":{"sfsi_plus_gutenberg_text_before_share":"","sfsi_plus_gutenberg_show_text_before_share":"","sfsi_plus_gutenberg_icon_type":"","sfsi_plus_gutenberg_icon_alignemt":"","sfsi_plus_gutenburg_max_per_row":"","footnotes":""},"categories":[6],"tags":[],"class_list":["post-71745","post","type-post","status-publish","format-standard","has-post-thumbnail","hentry","category-cidades"],"_links":{"self":[{"href":"https:\/\/www.caririemacao.com\/1\/wp-json\/wp\/v2\/posts\/71745","targetHints":{"allow":["GET"]}}],"collection":[{"href":"https:\/\/www.caririemacao.com\/1\/wp-json\/wp\/v2\/posts"}],"about":[{"href":"https:\/\/www.caririemacao.com\/1\/wp-json\/wp\/v2\/types\/post"}],"author":[{"embeddable":true,"href":"https:\/\/www.caririemacao.com\/1\/wp-json\/wp\/v2\/users\/1"}],"replies":[{"embeddable":true,"href":"https:\/\/www.caririemacao.com\/1\/wp-json\/wp\/v2\/comments?post=71745"}],"version-history":[{"count":1,"href":"https:\/\/www.caririemacao.com\/1\/wp-json\/wp\/v2\/posts\/71745\/revisions"}],"predecessor-version":[{"id":71747,"href":"https:\/\/www.caririemacao.com\/1\/wp-json\/wp\/v2\/posts\/71745\/revisions\/71747"}],"wp:featuredmedia":[{"embeddable":true,"href":"https:\/\/www.caririemacao.com\/1\/wp-json\/wp\/v2\/media\/71746"}],"wp:attachment":[{"href":"https:\/\/www.caririemacao.com\/1\/wp-json\/wp\/v2\/media?parent=71745"}],"wp:term":[{"taxonomy":"category","embeddable":true,"href":"https:\/\/www.caririemacao.com\/1\/wp-json\/wp\/v2\/categories?post=71745"},{"taxonomy":"post_tag","embeddable":true,"href":"https:\/\/www.caririemacao.com\/1\/wp-json\/wp\/v2\/tags?post=71745"}],"curies":[{"name":"wp","href":"https:\/\/api.w.org\/{rel}","templated":true}]}}