{"id":71748,"date":"2018-11-09T18:31:55","date_gmt":"2018-11-09T21:31:55","guid":{"rendered":"http:\/\/www.caririemacao.com\/1\/?p=71748"},"modified":"2018-11-09T18:31:56","modified_gmt":"2018-11-09T21:31:56","slug":"secretaria-de-agricultura-realiza-mais-servicos-na-zona-rural-e-populacao-aprova","status":"publish","type":"post","link":"https:\/\/www.caririemacao.com\/1\/2018\/11\/09\/secretaria-de-agricultura-realiza-mais-servicos-na-zona-rural-e-populacao-aprova\/","title":{"rendered":"Secretaria de Agricultura realiza mais servi\u00e7os na Zona Rural e popula\u00e7\u00e3o aprova"},"content":{"rendered":"<p><img fetchpriority=\"high\" decoding=\"async\" class=\"size-medium wp-image-26827 alignleft\" src=\"http:\/\/www.vitrinedocariri.com.br\/wp-content\/uploads\/2018\/11\/A%C3%A7%C3%B5es-Zona-Rural5-300x225.jpeg\" alt=\"\" width=\"300\" height=\"225\" \/>Nesta semana a Secretaria realizou a limpeza de diversos barreiros, al\u00e9m da limpeza da \u00e1rea do projeto Procase na comunidade de Pau D\u2019Arco.<\/p>\n<p>Para a popula\u00e7\u00e3o destas comunidades os servi\u00e7os tanto da secretaria quanto da gest\u00e3o da prefeita Anna Lorena est\u00e3o sendo reconhecidos e elogiados conforme comemora\u00a0 Clemilda: \u201cParab\u00e9ns Prefeita com essa Parceria e Associativismo em nosso Munic\u00edpio, algo que s\u00f3 tem a se fortalecer e ajudar na Gest\u00e3o, essa com certeza \u00e9 uma parceria inteligente em benef\u00edcio das comunidades\u201d.<\/p>\n<p><img decoding=\"async\" class=\"size-medium wp-image-26828 alignleft lazyload\" data-src=\"http:\/\/www.vitrinedocariri.com.br\/wp-content\/uploads\/2018\/11\/A%C3%A7%C3%B5es-Zona-Rural7-300x225.jpeg\" alt=\"\" width=\"300\" height=\"225\" src=\"data:image\/svg+xml;base64,PHN2ZyB3aWR0aD0iMSIgaGVpZ2h0PSIxIiB4bWxucz0iaHR0cDovL3d3dy53My5vcmcvMjAwMC9zdmciPjwvc3ZnPg==\" style=\"--smush-placeholder-width: 300px; --smush-placeholder-aspect-ratio: 300\/225;\" \/>\u201cParab\u00e9ns a prefeita Lorena as estradas est\u00e3o feitas, j\u00e1 vi muitas diferen\u00e7as. J\u00e1 deu fardamento escolar,\u00a0 apoio a n\u00f3s presidentes de associa\u00e7\u00f5es. Este j\u00e1 \u00e9 um come\u00e7o maravilhoso obrigada mesmo, estarmos muito felizes\u201d, conta\u00a0 Maria Jos\u00e9 Morais.<\/p>\n<p>Al\u00e9m dos servi\u00e7os desempenhados diariamente pela zona rural, a Secretaria de Agricultura vem avaliando e viabilizando outros projetos e parcerias a exemplo da Exposi\u00e7\u00e3o de Animais que vem agitar e dar um novo f\u00f4lego ao com\u00e9rcio de cabras e ovelhas na cidade e regi\u00e3o.<\/p>\n<p>&nbsp;<\/p>\n<p>Ascom\/Monteiro<\/p>\n","protected":false},"excerpt":{"rendered":"<p>Nesta semana a Secretaria realizou a limpeza de diversos barreiros, al\u00e9m da limpeza da \u00e1rea do projeto Procase na comunidade de Pau D\u2019Arco. Para a&hellip; <\/p>\n","protected":false},"author":1,"featured_media":71749,"comment_status":"closed","ping_status":"closed","sticky":false,"template":"","format":"standard","meta":{"sfsi_plus_gutenberg_text_before_share":"","sfsi_plus_gutenberg_show_text_before_share":"","sfsi_plus_gutenberg_icon_type":"","sfsi_plus_gutenberg_icon_alignemt":"","sfsi_plus_gutenburg_max_per_row":"","footnotes":""},"categories":[2],"tags":[],"class_list":["post-71748","post","type-post","status-publish","format-standard","has-post-thumbnail","hentry","category-geral"],"_links":{"self":[{"href":"https:\/\/www.caririemacao.com\/1\/wp-json\/wp\/v2\/posts\/71748","targetHints":{"allow":["GET"]}}],"collection":[{"href":"https:\/\/www.caririemacao.com\/1\/wp-json\/wp\/v2\/posts"}],"about":[{"href":"https:\/\/www.caririemacao.com\/1\/wp-json\/wp\/v2\/types\/post"}],"author":[{"embeddable":true,"href":"https:\/\/www.caririemacao.com\/1\/wp-json\/wp\/v2\/users\/1"}],"replies":[{"embeddable":true,"href":"https:\/\/www.caririemacao.com\/1\/wp-json\/wp\/v2\/comments?post=71748"}],"version-history":[{"count":1,"href":"https:\/\/www.caririemacao.com\/1\/wp-json\/wp\/v2\/posts\/71748\/revisions"}],"predecessor-version":[{"id":71750,"href":"https:\/\/www.caririemacao.com\/1\/wp-json\/wp\/v2\/posts\/71748\/revisions\/71750"}],"wp:featuredmedia":[{"embeddable":true,"href":"https:\/\/www.caririemacao.com\/1\/wp-json\/wp\/v2\/media\/71749"}],"wp:attachment":[{"href":"https:\/\/www.caririemacao.com\/1\/wp-json\/wp\/v2\/media?parent=71748"}],"wp:term":[{"taxonomy":"category","embeddable":true,"href":"https:\/\/www.caririemacao.com\/1\/wp-json\/wp\/v2\/categories?post=71748"},{"taxonomy":"post_tag","embeddable":true,"href":"https:\/\/www.caririemacao.com\/1\/wp-json\/wp\/v2\/tags?post=71748"}],"curies":[{"name":"wp","href":"https:\/\/api.w.org\/{rel}","templated":true}]}}