{"id":71751,"date":"2018-11-09T18:55:39","date_gmt":"2018-11-09T21:55:39","guid":{"rendered":"http:\/\/www.caririemacao.com\/1\/?p=71751"},"modified":"2018-11-09T18:55:39","modified_gmt":"2018-11-09T21:55:39","slug":"manifestacao-contra-o-aumento-do-subsidio-do-stf-esta-programada-para-este-domingo-em-jp","status":"publish","type":"post","link":"https:\/\/www.caririemacao.com\/1\/2018\/11\/09\/manifestacao-contra-o-aumento-do-subsidio-do-stf-esta-programada-para-este-domingo-em-jp\/","title":{"rendered":"Manifesta\u00e7\u00e3o contra o aumento do subs\u00eddio do STF est\u00e1 programada para este domingo em JP"},"content":{"rendered":"<p>Uma manifesta\u00e7\u00e3o contra o reajuste do subs\u00eddio dos ministros do Supremo Tribunal Federal (STF) est\u00e1 sendo programada para este\u00a0domingo (11), no Busto de Tamandar\u00e9, na orla de Jo\u00e3o Pessoa. A concentra\u00e7\u00e3o do\u00a0movimento est\u00e1 previsto para come\u00e7ar \u00e0s 16h.<\/p>\n<p>O ato est\u00e1 sendo articulado pelo\u00a0Partido Novo na Para\u00edba. A manifesta\u00e7\u00e3o deve reunir a popula\u00e7\u00e3o em geral, a\u00a0milit\u00e2ncia dos partidos, movimentos sociais, sindicais e a sociedade civil. Toda mobiliza\u00e7\u00e3o est\u00e1 sendo feita atrav\u00e9s das\u00a0redes sociais.<\/p>\n<p>Segundo o presidente do Partido Novo na Para\u00edba, Maur\u00edcio Ricardo, a mobiliza\u00e7\u00e3o vai denunciar nas ruas o reajuste &#8216;abusivo&#8217; da proposta de aumento ao judici\u00e1rio. &#8220;A popula\u00e7\u00e3o n\u00e3o aguenta mais esses abusos. E \u00e9 preciso que estejamos nas ruas para mostrar a nossa indigna\u00e7\u00e3o com mais esse absurdo.\u00a0Iremos reunir a popula\u00e7\u00e3o em geral para denunciar esse aumento abusivo ao judici\u00e1rio&#8221;, explicou.<\/p>\n","protected":false},"excerpt":{"rendered":"<p>Uma manifesta\u00e7\u00e3o contra o reajuste do subs\u00eddio dos ministros do Supremo Tribunal Federal (STF) est\u00e1 sendo programada para este\u00a0domingo (11), no Busto de Tamandar\u00e9, na&hellip; <\/p>\n","protected":false},"author":1,"featured_media":71755,"comment_status":"closed","ping_status":"closed","sticky":false,"template":"","format":"standard","meta":{"sfsi_plus_gutenberg_text_before_share":"","sfsi_plus_gutenberg_show_text_before_share":"","sfsi_plus_gutenberg_icon_type":"","sfsi_plus_gutenberg_icon_alignemt":"","sfsi_plus_gutenburg_max_per_row":"","footnotes":""},"categories":[11],"tags":[],"class_list":["post-71751","post","type-post","status-publish","format-standard","has-post-thumbnail","hentry","category-politica"],"_links":{"self":[{"href":"https:\/\/www.caririemacao.com\/1\/wp-json\/wp\/v2\/posts\/71751","targetHints":{"allow":["GET"]}}],"collection":[{"href":"https:\/\/www.caririemacao.com\/1\/wp-json\/wp\/v2\/posts"}],"about":[{"href":"https:\/\/www.caririemacao.com\/1\/wp-json\/wp\/v2\/types\/post"}],"author":[{"embeddable":true,"href":"https:\/\/www.caririemacao.com\/1\/wp-json\/wp\/v2\/users\/1"}],"replies":[{"embeddable":true,"href":"https:\/\/www.caririemacao.com\/1\/wp-json\/wp\/v2\/comments?post=71751"}],"version-history":[{"count":1,"href":"https:\/\/www.caririemacao.com\/1\/wp-json\/wp\/v2\/posts\/71751\/revisions"}],"predecessor-version":[{"id":71760,"href":"https:\/\/www.caririemacao.com\/1\/wp-json\/wp\/v2\/posts\/71751\/revisions\/71760"}],"wp:featuredmedia":[{"embeddable":true,"href":"https:\/\/www.caririemacao.com\/1\/wp-json\/wp\/v2\/media\/71755"}],"wp:attachment":[{"href":"https:\/\/www.caririemacao.com\/1\/wp-json\/wp\/v2\/media?parent=71751"}],"wp:term":[{"taxonomy":"category","embeddable":true,"href":"https:\/\/www.caririemacao.com\/1\/wp-json\/wp\/v2\/categories?post=71751"},{"taxonomy":"post_tag","embeddable":true,"href":"https:\/\/www.caririemacao.com\/1\/wp-json\/wp\/v2\/tags?post=71751"}],"curies":[{"name":"wp","href":"https:\/\/api.w.org\/{rel}","templated":true}]}}