{"id":71762,"date":"2018-11-09T19:08:41","date_gmt":"2018-11-09T22:08:41","guid":{"rendered":"http:\/\/www.caririemacao.com\/1\/?p=71762"},"modified":"2018-11-09T19:08:41","modified_gmt":"2018-11-09T22:08:41","slug":"bolsonaro-critica-tema-abordado-no-enem-e-diz-que-em-2019-ira-verificar-a-prova-antes","status":"publish","type":"post","link":"https:\/\/www.caririemacao.com\/1\/2018\/11\/09\/bolsonaro-critica-tema-abordado-no-enem-e-diz-que-em-2019-ira-verificar-a-prova-antes\/","title":{"rendered":"Bolsonaro critica tema abordado no Enem e diz que em 2019 ir\u00e1 verificar a prova antes"},"content":{"rendered":"<p>O presidente eleito Jair Bolsonaro (PSL) fez mais um pronunciamento por meio das redes sociais, utilizando o seu perfil do Facebook, para fazer um balan\u00e7o dos trabalhos nos primeiros dias de organiza\u00e7\u00e3o do seu governo, e aproveitou para criticar a prova do Enem aplicada no \u00faltimo domingo.<\/p>\n<p>Para Bolsonaro, os temas abordados\u00a0por quest\u00e3o\u00a0da prova n\u00e3o foram adequados e prometeu\u00a0que, no ano que vem, n\u00e3o acontecer\u00e1 esse tipo de abordagem porque ele tomar\u00e1 conhecimento da prova antes do exame. Segundo Bolsonaro, a abordagem na\u00a0prova estaria estimulando a briga entre pessoas que pensam diferente. &#8220;N\u00f3s queremos \u00e9 pacificar o Brasil&#8221;.<\/p>\n<p>O presidente eleito mirou as cr\u00edticas, especificamente, na\u00a0ideologia de g\u00eanero, referindo-se a quest\u00e3o que tratava sobre &#8220;dialeto secreto&#8221; entre gays. &#8220;V\u00e3o falar que eu t\u00f4 implicando&#8221;, disse Bolsonaro.<\/p>\n<div class=\"videoContainer face\"><iframe data-src=\"https:\/\/www.facebook.com\/plugins\/video.php?href=https%3A%2F%2Fwww.facebook.com%2Fjairmessias.bolsonaro%2Fvideos%2F249737109031557%2F&amp;show_text=0&amp;width=560\" width=\"560\" height=\"315\" frameborder=\"0\" scrolling=\"no\" allowfullscreen=\"allowfullscreen\" data-mce-fragment=\"1\" src=\"data:image\/svg+xml;base64,PHN2ZyB3aWR0aD0iMSIgaGVpZ2h0PSIxIiB4bWxucz0iaHR0cDovL3d3dy53My5vcmcvMjAwMC9zdmciPjwvc3ZnPg==\" class=\"lazyload\" data-load-mode=\"1\"><\/iframe><\/div>\n<p>Bolsonaro tamb\u00e9m defendeu a explora\u00e7\u00e3o das riquezas naturais brasileiras e\u00a0parcerias com outros pa\u00edses, sem vi\u00e9s ideol\u00f3gico, e comentou sobre o reajuste do subs\u00eddio dos ministros do Supremo Tribunal Federal (STF). &#8220;Eu n\u00e3o sou o presidente, est\u00e3o botando na minha conta o reajuste do Judici\u00e1rio, como se eu tivesse poderes para impedir.\u00a0Eu dei a minha opini\u00e3o, que era inoportuno aquilo, no momento, mas a decis\u00e3o n\u00e3o \u00e9 minha&#8221;, disse, lembrando que essa \u00e9 uma decis\u00e3o de Michel Temer sancionar ou vetar.<\/p>\n<p>A reforma da Previd\u00eancia tamb\u00e9m foi abordada pelo presidente eleito, em sua transmiss\u00e3o no Facebook, assim como comentou sobre emprego e economia. Bolsonaro afirmou\u00a0que n\u00e3o quer acabar com os direitos trabalhistas, quer acabar com o desemprego.<\/p>\n","protected":false},"excerpt":{"rendered":"<p>O presidente eleito Jair Bolsonaro (PSL) fez mais um pronunciamento por meio das redes sociais, utilizando o seu perfil do Facebook, para fazer um balan\u00e7o&hellip; <\/p>\n","protected":false},"author":1,"featured_media":71766,"comment_status":"closed","ping_status":"closed","sticky":false,"template":"","format":"standard","meta":{"sfsi_plus_gutenberg_text_before_share":"","sfsi_plus_gutenberg_show_text_before_share":"","sfsi_plus_gutenberg_icon_type":"","sfsi_plus_gutenberg_icon_alignemt":"","sfsi_plus_gutenburg_max_per_row":"","footnotes":""},"categories":[11],"tags":[],"class_list":["post-71762","post","type-post","status-publish","format-standard","has-post-thumbnail","hentry","category-politica"],"_links":{"self":[{"href":"https:\/\/www.caririemacao.com\/1\/wp-json\/wp\/v2\/posts\/71762","targetHints":{"allow":["GET"]}}],"collection":[{"href":"https:\/\/www.caririemacao.com\/1\/wp-json\/wp\/v2\/posts"}],"about":[{"href":"https:\/\/www.caririemacao.com\/1\/wp-json\/wp\/v2\/types\/post"}],"author":[{"embeddable":true,"href":"https:\/\/www.caririemacao.com\/1\/wp-json\/wp\/v2\/users\/1"}],"replies":[{"embeddable":true,"href":"https:\/\/www.caririemacao.com\/1\/wp-json\/wp\/v2\/comments?post=71762"}],"version-history":[{"count":2,"href":"https:\/\/www.caririemacao.com\/1\/wp-json\/wp\/v2\/posts\/71762\/revisions"}],"predecessor-version":[{"id":71769,"href":"https:\/\/www.caririemacao.com\/1\/wp-json\/wp\/v2\/posts\/71762\/revisions\/71769"}],"wp:featuredmedia":[{"embeddable":true,"href":"https:\/\/www.caririemacao.com\/1\/wp-json\/wp\/v2\/media\/71766"}],"wp:attachment":[{"href":"https:\/\/www.caririemacao.com\/1\/wp-json\/wp\/v2\/media?parent=71762"}],"wp:term":[{"taxonomy":"category","embeddable":true,"href":"https:\/\/www.caririemacao.com\/1\/wp-json\/wp\/v2\/categories?post=71762"},{"taxonomy":"post_tag","embeddable":true,"href":"https:\/\/www.caririemacao.com\/1\/wp-json\/wp\/v2\/tags?post=71762"}],"curies":[{"name":"wp","href":"https:\/\/api.w.org\/{rel}","templated":true}]}}