{"id":71768,"date":"2018-11-09T19:14:49","date_gmt":"2018-11-09T22:14:49","guid":{"rendered":"http:\/\/www.caririemacao.com\/1\/?p=71768"},"modified":"2018-11-09T19:14:49","modified_gmt":"2018-11-09T22:14:49","slug":"temer-deve-assumir-embaixada-na-italia-diz-jornal","status":"publish","type":"post","link":"https:\/\/www.caririemacao.com\/1\/2018\/11\/09\/temer-deve-assumir-embaixada-na-italia-diz-jornal\/","title":{"rendered":"Temer deve assumir embaixada na It\u00e1lia, diz jornal"},"content":{"rendered":"<p>Tratada como uma \u201csa\u00edda honrosa\u201d para o presidente em fim de mandato, Michel Temer pode ser nomeado embaixador do Brasil na It\u00e1lia ap\u00f3s deixar a Presid\u00eancia. \u00c9 o que informa o jornal\u00a0Correio Braziliense.<\/p>\n<p>Ao assumir a embaixada em Roma, Temer teria garantido o foro privilegiado.O atual presidente encerra seu governo em meio a\u00a0duas den\u00fancias da Procuradoria-Geral da Rep\u00fablica e dois inqu\u00e9ritos criminais (portos e Odebrecht).<\/p>\n<p>Na conclus\u00e3o das investiga\u00e7\u00f5es do\u00a0inqu\u00e9rito dos portos\u00a0entregue ao Supremo Tribunal Federal (STF), a Pol\u00edcia Federal pediu o indiciamento e o sequestro e bloqueio de bens de Temer.<\/p>\n<p><strong>Embaixada em Roma<\/strong><\/p>\n<p>A embaixada em Roma \u00e9 considerada uma das mais prestigiadas do corpo diplom\u00e1tico brasileiro, e \u00e9 chefiada por Antonio de Aguiar Patriota, diplomata de carreira e ex-chanceler de Dilma Rousseff (PT). Caber\u00e1 ao\u00a0presidente eleito, Jair Bolsonaro (PSL), nomear ou n\u00e3o Temer.<\/p>\n<p>Nesta semana, Bolsonaro\u00a0se encontrou com o\u00a0embaixador da It\u00e1lia, Antonio Bernardini, sobre uma poss\u00edvel extradi\u00e7\u00e3o do ex-militante da esquerda italiana, Cesare Battisti, que foi condenado \u00e0 pris\u00e3o perp\u00e9tua no pa\u00eds europeu, mas vive atualmente no Brasil. A extradi\u00e7\u00e3o \u00e9 um compromisso que foi assumido por Bolsonaro com o l\u00edder da extrema-direita e ministro do Interior da It\u00e1lia, Matteo Salvini, durante a campanha.<\/p>\n<p>Forum<\/p>\n","protected":false},"excerpt":{"rendered":"<p>Tratada como uma \u201csa\u00edda honrosa\u201d para o presidente em fim de mandato, Michel Temer pode ser nomeado embaixador do Brasil na It\u00e1lia ap\u00f3s deixar a&hellip; <\/p>\n","protected":false},"author":1,"featured_media":71770,"comment_status":"closed","ping_status":"closed","sticky":false,"template":"","format":"standard","meta":{"sfsi_plus_gutenberg_text_before_share":"","sfsi_plus_gutenberg_show_text_before_share":"","sfsi_plus_gutenberg_icon_type":"","sfsi_plus_gutenberg_icon_alignemt":"","sfsi_plus_gutenburg_max_per_row":"","footnotes":""},"categories":[11],"tags":[],"class_list":["post-71768","post","type-post","status-publish","format-standard","has-post-thumbnail","hentry","category-politica"],"_links":{"self":[{"href":"https:\/\/www.caririemacao.com\/1\/wp-json\/wp\/v2\/posts\/71768","targetHints":{"allow":["GET"]}}],"collection":[{"href":"https:\/\/www.caririemacao.com\/1\/wp-json\/wp\/v2\/posts"}],"about":[{"href":"https:\/\/www.caririemacao.com\/1\/wp-json\/wp\/v2\/types\/post"}],"author":[{"embeddable":true,"href":"https:\/\/www.caririemacao.com\/1\/wp-json\/wp\/v2\/users\/1"}],"replies":[{"embeddable":true,"href":"https:\/\/www.caririemacao.com\/1\/wp-json\/wp\/v2\/comments?post=71768"}],"version-history":[{"count":1,"href":"https:\/\/www.caririemacao.com\/1\/wp-json\/wp\/v2\/posts\/71768\/revisions"}],"predecessor-version":[{"id":71771,"href":"https:\/\/www.caririemacao.com\/1\/wp-json\/wp\/v2\/posts\/71768\/revisions\/71771"}],"wp:featuredmedia":[{"embeddable":true,"href":"https:\/\/www.caririemacao.com\/1\/wp-json\/wp\/v2\/media\/71770"}],"wp:attachment":[{"href":"https:\/\/www.caririemacao.com\/1\/wp-json\/wp\/v2\/media?parent=71768"}],"wp:term":[{"taxonomy":"category","embeddable":true,"href":"https:\/\/www.caririemacao.com\/1\/wp-json\/wp\/v2\/categories?post=71768"},{"taxonomy":"post_tag","embeddable":true,"href":"https:\/\/www.caririemacao.com\/1\/wp-json\/wp\/v2\/tags?post=71768"}],"curies":[{"name":"wp","href":"https:\/\/api.w.org\/{rel}","templated":true}]}}