{"id":71774,"date":"2018-11-10T08:20:36","date_gmt":"2018-11-10T11:20:36","guid":{"rendered":"http:\/\/www.caririemacao.com\/1\/?p=71774"},"modified":"2018-11-14T22:27:33","modified_gmt":"2018-11-15T01:27:33","slug":"amparo-cariri-em-acao-divulga-resultados-do-premio-referencia-2018","status":"publish","type":"post","link":"https:\/\/www.caririemacao.com\/1\/2018\/11\/10\/amparo-cariri-em-acao-divulga-resultados-do-premio-referencia-2018\/","title":{"rendered":"AMPARO: Cariri em A\u00e7\u00e3o divulga resultados do Pr\u00eamio Refer\u00eancia 2018"},"content":{"rendered":"<p>O Cariri em A\u00e7\u00e3o divulga os resultados da pesquisa realizada em 23 munic\u00edpios, sendo 19 na regi\u00e3o do Cariri e 04 cidades do Estado de Pernambuco. A pesquisa foi realizada entre os dias 15 a 31 de outubro.<\/p>\n<p>Veja os resultados da cidade de <strong>AMPARO<\/strong>:<\/p>\n<p><img fetchpriority=\"high\" decoding=\"async\" class=\"alignnone wp-image-73036 size-large\" src=\"http:\/\/www.caririemacao.com\/1\/wp-content\/uploads\/2018\/11\/AMPARO-EMPRESAS-1-1024x1024.jpg\" alt=\"\" width=\"800\" height=\"800\" srcset=\"https:\/\/www.caririemacao.com\/1\/wp-content\/uploads\/2018\/11\/AMPARO-EMPRESAS-1-1024x1024.jpg 1024w, https:\/\/www.caririemacao.com\/1\/wp-content\/uploads\/2018\/11\/AMPARO-EMPRESAS-1-150x150.jpg 150w, https:\/\/www.caririemacao.com\/1\/wp-content\/uploads\/2018\/11\/AMPARO-EMPRESAS-1-300x300.jpg 300w, https:\/\/www.caririemacao.com\/1\/wp-content\/uploads\/2018\/11\/AMPARO-EMPRESAS-1-768x768.jpg 768w\" sizes=\"(max-width: 800px) 100vw, 800px\" \/><\/p>\n<p><img decoding=\"async\" class=\"aligncenter wp-image-71824 size-full lazyload\" data-src=\"http:\/\/www.caririemacao.com\/1\/wp-content\/uploads\/2018\/11\/AMPARO-PROFISSIONAIS.jpg\" alt=\"\" width=\"3441\" height=\"3441\" data-srcset=\"https:\/\/www.caririemacao.com\/1\/wp-content\/uploads\/2018\/11\/AMPARO-PROFISSIONAIS.jpg 3441w, https:\/\/www.caririemacao.com\/1\/wp-content\/uploads\/2018\/11\/AMPARO-PROFISSIONAIS-150x150.jpg 150w, https:\/\/www.caririemacao.com\/1\/wp-content\/uploads\/2018\/11\/AMPARO-PROFISSIONAIS-300x300.jpg 300w, https:\/\/www.caririemacao.com\/1\/wp-content\/uploads\/2018\/11\/AMPARO-PROFISSIONAIS-768x768.jpg 768w, https:\/\/www.caririemacao.com\/1\/wp-content\/uploads\/2018\/11\/AMPARO-PROFISSIONAIS-1024x1024.jpg 1024w\" data-sizes=\"(max-width: 3441px) 100vw, 3441px\" src=\"data:image\/svg+xml;base64,PHN2ZyB3aWR0aD0iMSIgaGVpZ2h0PSIxIiB4bWxucz0iaHR0cDovL3d3dy53My5vcmcvMjAwMC9zdmciPjwvc3ZnPg==\" style=\"--smush-placeholder-width: 3441px; --smush-placeholder-aspect-ratio: 3441\/3441;\" \/><\/p>\n<p><img decoding=\"async\" class=\"aligncenter wp-image-71820 size-full lazyload\" data-src=\"http:\/\/www.caririemacao.com\/1\/wp-content\/uploads\/2018\/11\/AMPARO-AGENTES-POLITICOS.jpg\" alt=\"\" width=\"3441\" height=\"3441\" data-srcset=\"https:\/\/www.caririemacao.com\/1\/wp-content\/uploads\/2018\/11\/AMPARO-AGENTES-POLITICOS.jpg 3441w, https:\/\/www.caririemacao.com\/1\/wp-content\/uploads\/2018\/11\/AMPARO-AGENTES-POLITICOS-150x150.jpg 150w, https:\/\/www.caririemacao.com\/1\/wp-content\/uploads\/2018\/11\/AMPARO-AGENTES-POLITICOS-300x300.jpg 300w, https:\/\/www.caririemacao.com\/1\/wp-content\/uploads\/2018\/11\/AMPARO-AGENTES-POLITICOS-768x768.jpg 768w, https:\/\/www.caririemacao.com\/1\/wp-content\/uploads\/2018\/11\/AMPARO-AGENTES-POLITICOS-1024x1024.jpg 1024w\" data-sizes=\"(max-width: 3441px) 100vw, 3441px\" src=\"data:image\/svg+xml;base64,PHN2ZyB3aWR0aD0iMSIgaGVpZ2h0PSIxIiB4bWxucz0iaHR0cDovL3d3dy53My5vcmcvMjAwMC9zdmciPjwvc3ZnPg==\" style=\"--smush-placeholder-width: 3441px; --smush-placeholder-aspect-ratio: 3441\/3441;\" \/><\/p>\n<p><img decoding=\"async\" class=\"aligncenter wp-image-71823 size-full lazyload\" data-src=\"http:\/\/www.caririemacao.com\/1\/wp-content\/uploads\/2018\/11\/AMPARO-PREFEITO.jpg\" alt=\"\" width=\"480\" height=\"288\" data-srcset=\"https:\/\/www.caririemacao.com\/1\/wp-content\/uploads\/2018\/11\/AMPARO-PREFEITO.jpg 480w, https:\/\/www.caririemacao.com\/1\/wp-content\/uploads\/2018\/11\/AMPARO-PREFEITO-300x180.jpg 300w\" data-sizes=\"(max-width: 480px) 100vw, 480px\" src=\"data:image\/svg+xml;base64,PHN2ZyB3aWR0aD0iMSIgaGVpZ2h0PSIxIiB4bWxucz0iaHR0cDovL3d3dy53My5vcmcvMjAwMC9zdmciPjwvc3ZnPg==\" style=\"--smush-placeholder-width: 480px; --smush-placeholder-aspect-ratio: 480\/288;\" \/><\/p>\n<p><img decoding=\"async\" class=\"wp-image-71825 size-full aligncenter lazyload\" data-src=\"http:\/\/www.caririemacao.com\/1\/wp-content\/uploads\/2018\/11\/AMPARO-VICE.jpg\" alt=\"\" width=\"480\" height=\"288\" data-srcset=\"https:\/\/www.caririemacao.com\/1\/wp-content\/uploads\/2018\/11\/AMPARO-VICE.jpg 480w, https:\/\/www.caririemacao.com\/1\/wp-content\/uploads\/2018\/11\/AMPARO-VICE-300x180.jpg 300w\" data-sizes=\"(max-width: 480px) 100vw, 480px\" src=\"data:image\/svg+xml;base64,PHN2ZyB3aWR0aD0iMSIgaGVpZ2h0PSIxIiB4bWxucz0iaHR0cDovL3d3dy53My5vcmcvMjAwMC9zdmciPjwvc3ZnPg==\" style=\"--smush-placeholder-width: 480px; --smush-placeholder-aspect-ratio: 480\/288;\" \/><\/p>\n<p><img decoding=\"async\" class=\"aligncenter wp-image-71822 size-full lazyload\" data-src=\"http:\/\/www.caririemacao.com\/1\/wp-content\/uploads\/2018\/11\/AMPARO-GOVERNADOR.jpg\" alt=\"\" width=\"480\" height=\"288\" data-srcset=\"https:\/\/www.caririemacao.com\/1\/wp-content\/uploads\/2018\/11\/AMPARO-GOVERNADOR.jpg 480w, https:\/\/www.caririemacao.com\/1\/wp-content\/uploads\/2018\/11\/AMPARO-GOVERNADOR-300x180.jpg 300w\" data-sizes=\"(max-width: 480px) 100vw, 480px\" src=\"data:image\/svg+xml;base64,PHN2ZyB3aWR0aD0iMSIgaGVpZ2h0PSIxIiB4bWxucz0iaHR0cDovL3d3dy53My5vcmcvMjAwMC9zdmciPjwvc3ZnPg==\" style=\"--smush-placeholder-width: 480px; --smush-placeholder-aspect-ratio: 480\/288;\" \/><\/p>\n<p><a href=\"http:\/\/www.caririemacao.com\/1\/?p=71813\">Veja outros resultados clicando aqui.<\/a><\/p>\n","protected":false},"excerpt":{"rendered":"<p>O Cariri em A\u00e7\u00e3o divulga os resultados da pesquisa realizada em 23 munic\u00edpios, sendo 19 na regi\u00e3o do Cariri e 04 cidades do Estado de&hellip; <\/p>\n","protected":false},"author":1,"featured_media":71784,"comment_status":"closed","ping_status":"closed","sticky":false,"template":"","format":"standard","meta":{"sfsi_plus_gutenberg_text_before_share":"","sfsi_plus_gutenberg_show_text_before_share":"","sfsi_plus_gutenberg_icon_type":"","sfsi_plus_gutenberg_icon_alignemt":"","sfsi_plus_gutenburg_max_per_row":"","footnotes":""},"categories":[49],"tags":[],"class_list":["post-71774","post","type-post","status-publish","format-standard","has-post-thumbnail","hentry","category-premio-referencia-2018"],"_links":{"self":[{"href":"https:\/\/www.caririemacao.com\/1\/wp-json\/wp\/v2\/posts\/71774","targetHints":{"allow":["GET"]}}],"collection":[{"href":"https:\/\/www.caririemacao.com\/1\/wp-json\/wp\/v2\/posts"}],"about":[{"href":"https:\/\/www.caririemacao.com\/1\/wp-json\/wp\/v2\/types\/post"}],"author":[{"embeddable":true,"href":"https:\/\/www.caririemacao.com\/1\/wp-json\/wp\/v2\/users\/1"}],"replies":[{"embeddable":true,"href":"https:\/\/www.caririemacao.com\/1\/wp-json\/wp\/v2\/comments?post=71774"}],"version-history":[{"count":5,"href":"https:\/\/www.caririemacao.com\/1\/wp-json\/wp\/v2\/posts\/71774\/revisions"}],"predecessor-version":[{"id":73037,"href":"https:\/\/www.caririemacao.com\/1\/wp-json\/wp\/v2\/posts\/71774\/revisions\/73037"}],"wp:featuredmedia":[{"embeddable":true,"href":"https:\/\/www.caririemacao.com\/1\/wp-json\/wp\/v2\/media\/71784"}],"wp:attachment":[{"href":"https:\/\/www.caririemacao.com\/1\/wp-json\/wp\/v2\/media?parent=71774"}],"wp:term":[{"taxonomy":"category","embeddable":true,"href":"https:\/\/www.caririemacao.com\/1\/wp-json\/wp\/v2\/categories?post=71774"},{"taxonomy":"post_tag","embeddable":true,"href":"https:\/\/www.caririemacao.com\/1\/wp-json\/wp\/v2\/tags?post=71774"}],"curies":[{"name":"wp","href":"https:\/\/api.w.org\/{rel}","templated":true}]}}