{"id":71813,"date":"2018-11-10T21:19:09","date_gmt":"2018-11-11T00:19:09","guid":{"rendered":"http:\/\/www.caririemacao.com\/1\/?p=71813"},"modified":"2018-11-10T21:43:59","modified_gmt":"2018-11-11T00:43:59","slug":"cariri-em-acao-divulga-resultados-do-premio-referencia-2018-veja-os-resultados-das-23-cidades","status":"publish","type":"post","link":"https:\/\/www.caririemacao.com\/1\/2018\/11\/10\/cariri-em-acao-divulga-resultados-do-premio-referencia-2018-veja-os-resultados-das-23-cidades\/","title":{"rendered":"Cariri em A\u00e7\u00e3o divulga resultados do PR\u00caMIO REFER\u00caNCIA 2018; Veja os resultados das 23 cidades"},"content":{"rendered":"<p>O Cariri em A\u00e7\u00e3o divulga os resultados da pesquisa (in loco) realizada em 23 munic\u00edpios, sendo 19 na regi\u00e3o do Cariri e 4 cidades do Estado de Pernambuco. A pesquisa foi realizada entre os dias 15 a 31 de outubro.<\/p>\n<p>Os pesquisadores estiveram nas cidades aplicando cerca de 3.200 mil question\u00e1rios.<\/p>\n<p>A Cerim\u00f4nia de Premia\u00e7\u00e3o acontece dia 15 de dezembro no Clube Municipal Alexandre da Silva Brito, na cidade de Monteiro-PB.<\/p>\n<p>Para maiores informa\u00e7\u00f5es sobre a cerim\u00f4nia de premia\u00e7\u00e3o ligue (83) 9 9634.5791 ou (83) 9 9601-1162.<\/p>\n<p>Confira quem s\u00e3o as <strong>REFER\u00caNCIAS<\/strong> da sua cidade clicando nos links abaixo:<\/p>\n<p><strong>PARA\u00cdBA<\/strong><\/p>\n<p><a href=\"http:\/\/www.caririemacao.com\/1\/?p=71774\">Amparo<\/a><\/p>\n<p><a href=\"http:\/\/www.caririemacao.com\/1\/?p=71776\">Camala\u00fa<\/a><\/p>\n<p><a href=\"http:\/\/www.caririemacao.com\/1\/?p=71778\">Cara\u00fabas<\/a><\/p>\n<p><a href=\"http:\/\/www.caririemacao.com\/1\/?p=71827\">Congo<\/a><\/p>\n<p><a href=\"http:\/\/www.caririemacao.com\/1\/?p=71835\">Coxixola<\/a><\/p>\n<p><a href=\"http:\/\/www.caririemacao.com\/1\/?p=71843\">Gurj\u00e3o<\/a><\/p>\n<p><a href=\"http:\/\/www.caririemacao.com\/1\/?p=71855\">Livramento<\/a><\/p>\n<p><a href=\"http:\/\/www.caririemacao.com\/1\/?p=71866\">Monteiro<\/a><\/p>\n<p><a href=\"http:\/\/www.caririemacao.com\/1\/?p=71875\">Ouro Velho<\/a><\/p>\n<p><a href=\"http:\/\/www.caririemacao.com\/1\/?p=71889\">Parari<\/a><\/p>\n<p><a href=\"http:\/\/www.caririemacao.com\/1\/?p=71898\">Prata<\/a><\/p>\n<p><a href=\"http:\/\/www.caririemacao.com\/1\/?p=71906\">Santo Andr\u00e9<\/a><\/p>\n<p><a href=\"http:\/\/www.caririemacao.com\/1\/?p=71914\">S\u00e3o Jo\u00e3o do Cariri<\/a><\/p>\n<p><a href=\"http:\/\/www.caririemacao.com\/1\/?p=71923\">S\u00e3o Jo\u00e3o do Tigre<\/a><\/p>\n<p><a href=\"http:\/\/www.caririemacao.com\/1\/?p=71931\">S\u00e3o Jos\u00e9 dos Cordeiros<\/a><\/p>\n<p><a href=\"http:\/\/www.caririemacao.com\/1\/?p=71939\">S\u00e3o Sebasti\u00e3o do Umbuzeiro<\/a><\/p>\n<p><a href=\"http:\/\/www.caririemacao.com\/1\/?p=71953\">Serra Branca<\/a><\/p>\n<p><a href=\"http:\/\/www.caririemacao.com\/1\/?p=71964\">Sum\u00e9<\/a><\/p>\n<p><a href=\"http:\/\/www.caririemacao.com\/1\/?p=71977\">Zabel\u00ea<\/a><\/p>\n<p><strong>PERNAMBUCO <\/strong><\/p>\n<p><a href=\"http:\/\/www.caririemacao.com\/1\/?p=71989\">Jata\u00faba<\/a><\/p>\n<p><a href=\"http:\/\/www.caririemacao.com\/1\/?p=72015\">Sert\u00e2nia<\/a><\/p>\n<p><a href=\"http:\/\/www.caririemacao.com\/1\/?p=72025\">Tuparetama<\/a><\/p>\n<p><a href=\"http:\/\/www.caririemacao.com\/1\/?p=72005\">S\u00e3o Jos\u00e9 do Egito<\/a><\/p>\n","protected":false},"excerpt":{"rendered":"<p>O Cariri em A\u00e7\u00e3o divulga os resultados da pesquisa (in loco) realizada em 23 munic\u00edpios, sendo 19 na regi\u00e3o do Cariri e 4 cidades do&hellip; <\/p>\n","protected":false},"author":1,"featured_media":72089,"comment_status":"closed","ping_status":"closed","sticky":false,"template":"","format":"standard","meta":{"sfsi_plus_gutenberg_text_before_share":"","sfsi_plus_gutenberg_show_text_before_share":"","sfsi_plus_gutenberg_icon_type":"","sfsi_plus_gutenberg_icon_alignemt":"","sfsi_plus_gutenburg_max_per_row":"","footnotes":""},"categories":[50,2,49],"tags":[],"class_list":["post-71813","post","type-post","status-publish","format-standard","has-post-thumbnail","hentry","category-destaque","category-geral","category-premio-referencia-2018"],"_links":{"self":[{"href":"https:\/\/www.caririemacao.com\/1\/wp-json\/wp\/v2\/posts\/71813","targetHints":{"allow":["GET"]}}],"collection":[{"href":"https:\/\/www.caririemacao.com\/1\/wp-json\/wp\/v2\/posts"}],"about":[{"href":"https:\/\/www.caririemacao.com\/1\/wp-json\/wp\/v2\/types\/post"}],"author":[{"embeddable":true,"href":"https:\/\/www.caririemacao.com\/1\/wp-json\/wp\/v2\/users\/1"}],"replies":[{"embeddable":true,"href":"https:\/\/www.caririemacao.com\/1\/wp-json\/wp\/v2\/comments?post=71813"}],"version-history":[{"count":20,"href":"https:\/\/www.caririemacao.com\/1\/wp-json\/wp\/v2\/posts\/71813\/revisions"}],"predecessor-version":[{"id":72088,"href":"https:\/\/www.caririemacao.com\/1\/wp-json\/wp\/v2\/posts\/71813\/revisions\/72088"}],"wp:featuredmedia":[{"embeddable":true,"href":"https:\/\/www.caririemacao.com\/1\/wp-json\/wp\/v2\/media\/72089"}],"wp:attachment":[{"href":"https:\/\/www.caririemacao.com\/1\/wp-json\/wp\/v2\/media?parent=71813"}],"wp:term":[{"taxonomy":"category","embeddable":true,"href":"https:\/\/www.caririemacao.com\/1\/wp-json\/wp\/v2\/categories?post=71813"},{"taxonomy":"post_tag","embeddable":true,"href":"https:\/\/www.caririemacao.com\/1\/wp-json\/wp\/v2\/tags?post=71813"}],"curies":[{"name":"wp","href":"https:\/\/api.w.org\/{rel}","templated":true}]}}