{"id":71866,"date":"2018-11-10T08:20:30","date_gmt":"2018-11-10T11:20:30","guid":{"rendered":"http:\/\/www.caririemacao.com\/1\/?p=71866"},"modified":"2018-11-14T10:34:25","modified_gmt":"2018-11-14T13:34:25","slug":"monteiro-cariri-em-acao-divulga-resultados-do-premio-referencia-2018","status":"publish","type":"post","link":"https:\/\/www.caririemacao.com\/1\/2018\/11\/10\/monteiro-cariri-em-acao-divulga-resultados-do-premio-referencia-2018\/","title":{"rendered":"MONTEIRO: Cariri em A\u00e7\u00e3o divulga resultados do Pr\u00eamio Refer\u00eancia 2018"},"content":{"rendered":"<p>O Cariri em A\u00e7\u00e3o divulga os resultados da pesquisa realizada em 23 munic\u00edpios, sendo 19 na regi\u00e3o do Cariri e 04 cidades do Estado de Pernambuco. A pesquisa foi realizada entre os dias 15 a 31 de outubro.<\/p>\n<p>Veja os resultados da cidade de <strong>MONTEIRO<\/strong>:<\/p>\n<p><img fetchpriority=\"high\" decoding=\"async\" class=\"alignnone wp-image-72875 size-large\" src=\"http:\/\/www.caririemacao.com\/1\/wp-content\/uploads\/2018\/11\/MONTEIRO-EMPRESAS-4-1024x1024.jpg\" alt=\"\" width=\"800\" height=\"800\" srcset=\"https:\/\/www.caririemacao.com\/1\/wp-content\/uploads\/2018\/11\/MONTEIRO-EMPRESAS-4-1024x1024.jpg 1024w, https:\/\/www.caririemacao.com\/1\/wp-content\/uploads\/2018\/11\/MONTEIRO-EMPRESAS-4-150x150.jpg 150w, https:\/\/www.caririemacao.com\/1\/wp-content\/uploads\/2018\/11\/MONTEIRO-EMPRESAS-4-300x300.jpg 300w, https:\/\/www.caririemacao.com\/1\/wp-content\/uploads\/2018\/11\/MONTEIRO-EMPRESAS-4-768x768.jpg 768w\" sizes=\"(max-width: 800px) 100vw, 800px\" \/><\/p>\n<p><img decoding=\"async\" class=\"aligncenter wp-image-72220 size-large lazyload\" data-src=\"http:\/\/www.caririemacao.com\/1\/wp-content\/uploads\/2018\/11\/MONTEIRO-PROFISSIONAIS-2-1024x1024.jpg\" alt=\"\" width=\"800\" height=\"800\" data-srcset=\"https:\/\/www.caririemacao.com\/1\/wp-content\/uploads\/2018\/11\/MONTEIRO-PROFISSIONAIS-2-1024x1024.jpg 1024w, https:\/\/www.caririemacao.com\/1\/wp-content\/uploads\/2018\/11\/MONTEIRO-PROFISSIONAIS-2-150x150.jpg 150w, https:\/\/www.caririemacao.com\/1\/wp-content\/uploads\/2018\/11\/MONTEIRO-PROFISSIONAIS-2-300x300.jpg 300w, https:\/\/www.caririemacao.com\/1\/wp-content\/uploads\/2018\/11\/MONTEIRO-PROFISSIONAIS-2-768x768.jpg 768w\" data-sizes=\"(max-width: 800px) 100vw, 800px\" src=\"data:image\/svg+xml;base64,PHN2ZyB3aWR0aD0iMSIgaGVpZ2h0PSIxIiB4bWxucz0iaHR0cDovL3d3dy53My5vcmcvMjAwMC9zdmciPjwvc3ZnPg==\" style=\"--smush-placeholder-width: 800px; --smush-placeholder-aspect-ratio: 800\/800;\" \/><\/p>\n<p><img decoding=\"async\" class=\"aligncenter wp-image-72217 size-large lazyload\" data-src=\"http:\/\/www.caririemacao.com\/1\/wp-content\/uploads\/2018\/11\/MONTEIRO-AGENTES-POLITICOS-2-1024x1024.jpg\" alt=\"\" width=\"800\" height=\"800\" data-srcset=\"https:\/\/www.caririemacao.com\/1\/wp-content\/uploads\/2018\/11\/MONTEIRO-AGENTES-POLITICOS-2-1024x1024.jpg 1024w, https:\/\/www.caririemacao.com\/1\/wp-content\/uploads\/2018\/11\/MONTEIRO-AGENTES-POLITICOS-2-150x150.jpg 150w, https:\/\/www.caririemacao.com\/1\/wp-content\/uploads\/2018\/11\/MONTEIRO-AGENTES-POLITICOS-2-300x300.jpg 300w, https:\/\/www.caririemacao.com\/1\/wp-content\/uploads\/2018\/11\/MONTEIRO-AGENTES-POLITICOS-2-768x768.jpg 768w\" data-sizes=\"(max-width: 800px) 100vw, 800px\" src=\"data:image\/svg+xml;base64,PHN2ZyB3aWR0aD0iMSIgaGVpZ2h0PSIxIiB4bWxucz0iaHR0cDovL3d3dy53My5vcmcvMjAwMC9zdmciPjwvc3ZnPg==\" style=\"--smush-placeholder-width: 800px; --smush-placeholder-aspect-ratio: 800\/800;\" \/><\/p>\n<p><img decoding=\"async\" class=\"aligncenter wp-image-71872 size-full lazyload\" data-src=\"http:\/\/www.caririemacao.com\/1\/wp-content\/uploads\/2018\/11\/MONTEIRO-PREFEITA.jpg\" alt=\"\" width=\"480\" height=\"288\" data-srcset=\"https:\/\/www.caririemacao.com\/1\/wp-content\/uploads\/2018\/11\/MONTEIRO-PREFEITA.jpg 480w, https:\/\/www.caririemacao.com\/1\/wp-content\/uploads\/2018\/11\/MONTEIRO-PREFEITA-300x180.jpg 300w\" data-sizes=\"(max-width: 480px) 100vw, 480px\" src=\"data:image\/svg+xml;base64,PHN2ZyB3aWR0aD0iMSIgaGVpZ2h0PSIxIiB4bWxucz0iaHR0cDovL3d3dy53My5vcmcvMjAwMC9zdmciPjwvc3ZnPg==\" style=\"--smush-placeholder-width: 480px; --smush-placeholder-aspect-ratio: 480\/288;\" \/><\/p>\n<p><img decoding=\"async\" class=\"aligncenter wp-image-71873 size-full lazyload\" data-src=\"http:\/\/www.caririemacao.com\/1\/wp-content\/uploads\/2018\/11\/MONTEIRO-VICE.jpg\" alt=\"\" width=\"480\" height=\"288\" data-srcset=\"https:\/\/www.caririemacao.com\/1\/wp-content\/uploads\/2018\/11\/MONTEIRO-VICE.jpg 480w, https:\/\/www.caririemacao.com\/1\/wp-content\/uploads\/2018\/11\/MONTEIRO-VICE-300x180.jpg 300w\" data-sizes=\"(max-width: 480px) 100vw, 480px\" src=\"data:image\/svg+xml;base64,PHN2ZyB3aWR0aD0iMSIgaGVpZ2h0PSIxIiB4bWxucz0iaHR0cDovL3d3dy53My5vcmcvMjAwMC9zdmciPjwvc3ZnPg==\" style=\"--smush-placeholder-width: 480px; --smush-placeholder-aspect-ratio: 480\/288;\" \/><\/p>\n<p><img decoding=\"async\" class=\"aligncenter wp-image-71871 size-full lazyload\" data-src=\"http:\/\/www.caririemacao.com\/1\/wp-content\/uploads\/2018\/11\/MONTEIRO-GOVERNADOR.jpg\" alt=\"\" width=\"480\" height=\"288\" data-srcset=\"https:\/\/www.caririemacao.com\/1\/wp-content\/uploads\/2018\/11\/MONTEIRO-GOVERNADOR.jpg 480w, https:\/\/www.caririemacao.com\/1\/wp-content\/uploads\/2018\/11\/MONTEIRO-GOVERNADOR-300x180.jpg 300w\" data-sizes=\"(max-width: 480px) 100vw, 480px\" src=\"data:image\/svg+xml;base64,PHN2ZyB3aWR0aD0iMSIgaGVpZ2h0PSIxIiB4bWxucz0iaHR0cDovL3d3dy53My5vcmcvMjAwMC9zdmciPjwvc3ZnPg==\" style=\"--smush-placeholder-width: 480px; --smush-placeholder-aspect-ratio: 480\/288;\" \/><\/p>\n<p><a href=\"http:\/\/www.caririemacao.com\/1\/?p=71813\">Veja outros resultados clicando aqui.<\/a><\/p>\n","protected":false},"excerpt":{"rendered":"<p>O Cariri em A\u00e7\u00e3o divulga os resultados da pesquisa realizada em 23 munic\u00edpios, sendo 19 na regi\u00e3o do Cariri e 04 cidades do Estado de&hellip; <\/p>\n","protected":false},"author":1,"featured_media":71784,"comment_status":"closed","ping_status":"closed","sticky":false,"template":"","format":"standard","meta":{"sfsi_plus_gutenberg_text_before_share":"","sfsi_plus_gutenberg_show_text_before_share":"","sfsi_plus_gutenberg_icon_type":"","sfsi_plus_gutenberg_icon_alignemt":"","sfsi_plus_gutenburg_max_per_row":"","footnotes":""},"categories":[49],"tags":[],"class_list":["post-71866","post","type-post","status-publish","format-standard","has-post-thumbnail","hentry","category-premio-referencia-2018"],"_links":{"self":[{"href":"https:\/\/www.caririemacao.com\/1\/wp-json\/wp\/v2\/posts\/71866","targetHints":{"allow":["GET"]}}],"collection":[{"href":"https:\/\/www.caririemacao.com\/1\/wp-json\/wp\/v2\/posts"}],"about":[{"href":"https:\/\/www.caririemacao.com\/1\/wp-json\/wp\/v2\/types\/post"}],"author":[{"embeddable":true,"href":"https:\/\/www.caririemacao.com\/1\/wp-json\/wp\/v2\/users\/1"}],"replies":[{"embeddable":true,"href":"https:\/\/www.caririemacao.com\/1\/wp-json\/wp\/v2\/comments?post=71866"}],"version-history":[{"count":10,"href":"https:\/\/www.caririemacao.com\/1\/wp-json\/wp\/v2\/posts\/71866\/revisions"}],"predecessor-version":[{"id":72876,"href":"https:\/\/www.caririemacao.com\/1\/wp-json\/wp\/v2\/posts\/71866\/revisions\/72876"}],"wp:featuredmedia":[{"embeddable":true,"href":"https:\/\/www.caririemacao.com\/1\/wp-json\/wp\/v2\/media\/71784"}],"wp:attachment":[{"href":"https:\/\/www.caririemacao.com\/1\/wp-json\/wp\/v2\/media?parent=71866"}],"wp:term":[{"taxonomy":"category","embeddable":true,"href":"https:\/\/www.caririemacao.com\/1\/wp-json\/wp\/v2\/categories?post=71866"},{"taxonomy":"post_tag","embeddable":true,"href":"https:\/\/www.caririemacao.com\/1\/wp-json\/wp\/v2\/tags?post=71866"}],"curies":[{"name":"wp","href":"https:\/\/api.w.org\/{rel}","templated":true}]}}