{"id":71898,"date":"2018-11-10T08:20:19","date_gmt":"2018-11-10T11:20:19","guid":{"rendered":"http:\/\/www.caririemacao.com\/1\/?p=71898"},"modified":"2018-11-14T22:31:02","modified_gmt":"2018-11-15T01:31:02","slug":"prata-cariri-em-acao-divulga-resultados-do-premio-referencia-2018","status":"publish","type":"post","link":"https:\/\/www.caririemacao.com\/1\/2018\/11\/10\/prata-cariri-em-acao-divulga-resultados-do-premio-referencia-2018\/","title":{"rendered":"PRATA: Cariri em A\u00e7\u00e3o divulga resultados do Pr\u00eamio Refer\u00eancia 2018"},"content":{"rendered":"<p>O Cariri em A\u00e7\u00e3o divulga os resultados da pesquisa realizada em 23 munic\u00edpios, sendo 19 na regi\u00e3o do Cariri e 04 cidades do Estado de Pernambuco. A pesquisa foi realizada entre os dias 15 a 31 de outubro.<\/p>\n<p>Veja os resultados da cidade de PRATA:<\/p>\n<p style=\"text-align: center;\"><img fetchpriority=\"high\" decoding=\"async\" class=\"alignnone wp-image-73042 size-large\" src=\"http:\/\/www.caririemacao.com\/1\/wp-content\/uploads\/2018\/11\/PRATA-EMPRESAS-2-1024x1024.jpg\" alt=\"\" width=\"800\" height=\"800\" srcset=\"https:\/\/www.caririemacao.com\/1\/wp-content\/uploads\/2018\/11\/PRATA-EMPRESAS-2-1024x1024.jpg 1024w, https:\/\/www.caririemacao.com\/1\/wp-content\/uploads\/2018\/11\/PRATA-EMPRESAS-2-150x150.jpg 150w, https:\/\/www.caririemacao.com\/1\/wp-content\/uploads\/2018\/11\/PRATA-EMPRESAS-2-300x300.jpg 300w, https:\/\/www.caririemacao.com\/1\/wp-content\/uploads\/2018\/11\/PRATA-EMPRESAS-2-768x768.jpg 768w\" sizes=\"(max-width: 800px) 100vw, 800px\" \/><\/p>\n<p style=\"text-align: center;\"><img decoding=\"async\" class=\"aligncenter wp-image-72242 size-large lazyload\" data-src=\"http:\/\/www.caririemacao.com\/1\/wp-content\/uploads\/2018\/11\/PRATA-PROFISSIONAIS-1-1024x1024.jpg\" alt=\"\" width=\"800\" height=\"800\" data-srcset=\"https:\/\/www.caririemacao.com\/1\/wp-content\/uploads\/2018\/11\/PRATA-PROFISSIONAIS-1-1024x1024.jpg 1024w, https:\/\/www.caririemacao.com\/1\/wp-content\/uploads\/2018\/11\/PRATA-PROFISSIONAIS-1-150x150.jpg 150w, https:\/\/www.caririemacao.com\/1\/wp-content\/uploads\/2018\/11\/PRATA-PROFISSIONAIS-1-300x300.jpg 300w, https:\/\/www.caririemacao.com\/1\/wp-content\/uploads\/2018\/11\/PRATA-PROFISSIONAIS-1-768x768.jpg 768w\" data-sizes=\"(max-width: 800px) 100vw, 800px\" src=\"data:image\/svg+xml;base64,PHN2ZyB3aWR0aD0iMSIgaGVpZ2h0PSIxIiB4bWxucz0iaHR0cDovL3d3dy53My5vcmcvMjAwMC9zdmciPjwvc3ZnPg==\" style=\"--smush-placeholder-width: 800px; --smush-placeholder-aspect-ratio: 800\/800;\" \/><\/p>\n<p style=\"text-align: center;\"><img decoding=\"async\" class=\"alignnone wp-image-72239 size-large lazyload\" data-src=\"http:\/\/www.caririemacao.com\/1\/wp-content\/uploads\/2018\/11\/PRATA-AGENTES-POLITICOS-1-1024x1024.jpg\" alt=\"\" width=\"800\" height=\"800\" data-srcset=\"https:\/\/www.caririemacao.com\/1\/wp-content\/uploads\/2018\/11\/PRATA-AGENTES-POLITICOS-1-1024x1024.jpg 1024w, https:\/\/www.caririemacao.com\/1\/wp-content\/uploads\/2018\/11\/PRATA-AGENTES-POLITICOS-1-150x150.jpg 150w, https:\/\/www.caririemacao.com\/1\/wp-content\/uploads\/2018\/11\/PRATA-AGENTES-POLITICOS-1-300x300.jpg 300w, https:\/\/www.caririemacao.com\/1\/wp-content\/uploads\/2018\/11\/PRATA-AGENTES-POLITICOS-1-768x768.jpg 768w\" data-sizes=\"(max-width: 800px) 100vw, 800px\" src=\"data:image\/svg+xml;base64,PHN2ZyB3aWR0aD0iMSIgaGVpZ2h0PSIxIiB4bWxucz0iaHR0cDovL3d3dy53My5vcmcvMjAwMC9zdmciPjwvc3ZnPg==\" style=\"--smush-placeholder-width: 800px; --smush-placeholder-aspect-ratio: 800\/800;\" \/><\/p>\n<p style=\"text-align: center;\"><img decoding=\"async\" class=\"aligncenter wp-image-71903 size-full lazyload\" data-src=\"http:\/\/www.caririemacao.com\/1\/wp-content\/uploads\/2018\/11\/PRATA-PREFEITO.jpg\" alt=\"\" width=\"480\" height=\"288\" data-srcset=\"https:\/\/www.caririemacao.com\/1\/wp-content\/uploads\/2018\/11\/PRATA-PREFEITO.jpg 480w, https:\/\/www.caririemacao.com\/1\/wp-content\/uploads\/2018\/11\/PRATA-PREFEITO-300x180.jpg 300w\" data-sizes=\"(max-width: 480px) 100vw, 480px\" src=\"data:image\/svg+xml;base64,PHN2ZyB3aWR0aD0iMSIgaGVpZ2h0PSIxIiB4bWxucz0iaHR0cDovL3d3dy53My5vcmcvMjAwMC9zdmciPjwvc3ZnPg==\" style=\"--smush-placeholder-width: 480px; --smush-placeholder-aspect-ratio: 480\/288;\" \/><\/p>\n<p style=\"text-align: center;\"><img decoding=\"async\" class=\"wp-image-72083 size-full aligncenter lazyload\" data-src=\"http:\/\/www.caririemacao.com\/1\/wp-content\/uploads\/2018\/11\/PRATA-\u2013-VICE-1.jpg\" alt=\"\" width=\"480\" height=\"288\" data-srcset=\"https:\/\/www.caririemacao.com\/1\/wp-content\/uploads\/2018\/11\/PRATA-\u2013-VICE-1.jpg 480w, https:\/\/www.caririemacao.com\/1\/wp-content\/uploads\/2018\/11\/PRATA-\u2013-VICE-1-300x180.jpg 300w\" data-sizes=\"(max-width: 480px) 100vw, 480px\" src=\"data:image\/svg+xml;base64,PHN2ZyB3aWR0aD0iMSIgaGVpZ2h0PSIxIiB4bWxucz0iaHR0cDovL3d3dy53My5vcmcvMjAwMC9zdmciPjwvc3ZnPg==\" style=\"--smush-placeholder-width: 480px; --smush-placeholder-aspect-ratio: 480\/288;\" \/><\/p>\n<p style=\"text-align: center;\"><img decoding=\"async\" class=\"wp-image-71902 size-full alignnone lazyload\" data-src=\"http:\/\/www.caririemacao.com\/1\/wp-content\/uploads\/2018\/11\/PRATA-GOVERNADOR.jpg\" alt=\"\" width=\"480\" height=\"288\" data-srcset=\"https:\/\/www.caririemacao.com\/1\/wp-content\/uploads\/2018\/11\/PRATA-GOVERNADOR.jpg 480w, https:\/\/www.caririemacao.com\/1\/wp-content\/uploads\/2018\/11\/PRATA-GOVERNADOR-300x180.jpg 300w\" data-sizes=\"(max-width: 480px) 100vw, 480px\" src=\"data:image\/svg+xml;base64,PHN2ZyB3aWR0aD0iMSIgaGVpZ2h0PSIxIiB4bWxucz0iaHR0cDovL3d3dy53My5vcmcvMjAwMC9zdmciPjwvc3ZnPg==\" style=\"--smush-placeholder-width: 480px; --smush-placeholder-aspect-ratio: 480\/288;\" \/><\/p>\n<p>\u00a0<a href=\"http:\/\/www.caririemacao.com\/1\/?p=71813\">Veja outros resultados clicando aqui.<\/a><\/p>\n","protected":false},"excerpt":{"rendered":"<p>O Cariri em A\u00e7\u00e3o divulga os resultados da pesquisa realizada em 23 munic\u00edpios, sendo 19 na regi\u00e3o do Cariri e 04 cidades do Estado de&hellip; <\/p>\n","protected":false},"author":1,"featured_media":27799,"comment_status":"closed","ping_status":"closed","sticky":false,"template":"","format":"standard","meta":{"sfsi_plus_gutenberg_text_before_share":"","sfsi_plus_gutenberg_show_text_before_share":"","sfsi_plus_gutenberg_icon_type":"","sfsi_plus_gutenberg_icon_alignemt":"","sfsi_plus_gutenburg_max_per_row":"","footnotes":""},"categories":[49],"tags":[],"class_list":["post-71898","post","type-post","status-publish","format-standard","has-post-thumbnail","hentry","category-premio-referencia-2018"],"_links":{"self":[{"href":"https:\/\/www.caririemacao.com\/1\/wp-json\/wp\/v2\/posts\/71898","targetHints":{"allow":["GET"]}}],"collection":[{"href":"https:\/\/www.caririemacao.com\/1\/wp-json\/wp\/v2\/posts"}],"about":[{"href":"https:\/\/www.caririemacao.com\/1\/wp-json\/wp\/v2\/types\/post"}],"author":[{"embeddable":true,"href":"https:\/\/www.caririemacao.com\/1\/wp-json\/wp\/v2\/users\/1"}],"replies":[{"embeddable":true,"href":"https:\/\/www.caririemacao.com\/1\/wp-json\/wp\/v2\/comments?post=71898"}],"version-history":[{"count":9,"href":"https:\/\/www.caririemacao.com\/1\/wp-json\/wp\/v2\/posts\/71898\/revisions"}],"predecessor-version":[{"id":73048,"href":"https:\/\/www.caririemacao.com\/1\/wp-json\/wp\/v2\/posts\/71898\/revisions\/73048"}],"wp:featuredmedia":[{"embeddable":true,"href":"https:\/\/www.caririemacao.com\/1\/wp-json\/wp\/v2\/media\/27799"}],"wp:attachment":[{"href":"https:\/\/www.caririemacao.com\/1\/wp-json\/wp\/v2\/media?parent=71898"}],"wp:term":[{"taxonomy":"category","embeddable":true,"href":"https:\/\/www.caririemacao.com\/1\/wp-json\/wp\/v2\/categories?post=71898"},{"taxonomy":"post_tag","embeddable":true,"href":"https:\/\/www.caririemacao.com\/1\/wp-json\/wp\/v2\/tags?post=71898"}],"curies":[{"name":"wp","href":"https:\/\/api.w.org\/{rel}","templated":true}]}}