{"id":71906,"date":"2018-11-10T08:20:19","date_gmt":"2018-11-10T11:20:19","guid":{"rendered":"http:\/\/www.caririemacao.com\/1\/?p=71906"},"modified":"2018-11-10T03:58:39","modified_gmt":"2018-11-10T06:58:39","slug":"santo-andre-cariri-em-acao-divulga-resultados-do-premio-referencia-2018","status":"publish","type":"post","link":"https:\/\/www.caririemacao.com\/1\/2018\/11\/10\/santo-andre-cariri-em-acao-divulga-resultados-do-premio-referencia-2018\/","title":{"rendered":"SANTO ANDR\u00c9: Cariri em A\u00e7\u00e3o divulga resultados do Pr\u00eamio Refer\u00eancia 2018"},"content":{"rendered":"<p>O Cariri em A\u00e7\u00e3o divulga os resultados da pesquisa realizada em 23 munic\u00edpios, sendo 19 na regi\u00e3o do Cariri e 04 cidades do Estado de Pernambuco. A pesquisa foi realizada entre os dias 15 a 31 de outubro.<\/p>\n<p>Veja os resultados da cidade de <strong>SANTO ANDR\u00c9<\/strong>:<\/p>\n<p><img fetchpriority=\"high\" decoding=\"async\" class=\"aligncenter wp-image-72133 size-full\" src=\"http:\/\/www.caririemacao.com\/1\/wp-content\/uploads\/2018\/11\/SANTO-ANDRE-EMPRESAS.jpg\" alt=\"\" width=\"3441\" height=\"3441\" srcset=\"https:\/\/www.caririemacao.com\/1\/wp-content\/uploads\/2018\/11\/SANTO-ANDRE-EMPRESAS.jpg 3441w, https:\/\/www.caririemacao.com\/1\/wp-content\/uploads\/2018\/11\/SANTO-ANDRE-EMPRESAS-150x150.jpg 150w, https:\/\/www.caririemacao.com\/1\/wp-content\/uploads\/2018\/11\/SANTO-ANDRE-EMPRESAS-300x300.jpg 300w, https:\/\/www.caririemacao.com\/1\/wp-content\/uploads\/2018\/11\/SANTO-ANDRE-EMPRESAS-768x768.jpg 768w, https:\/\/www.caririemacao.com\/1\/wp-content\/uploads\/2018\/11\/SANTO-ANDRE-EMPRESAS-1024x1024.jpg 1024w\" sizes=\"(max-width: 3441px) 100vw, 3441px\" \/><\/p>\n<p><img decoding=\"async\" class=\"aligncenter wp-image-72134 size-full lazyload\" data-src=\"http:\/\/www.caririemacao.com\/1\/wp-content\/uploads\/2018\/11\/SANTO-ANDRE-PROFISSIONAIS.jpg\" alt=\"\" width=\"3441\" height=\"3441\" data-srcset=\"https:\/\/www.caririemacao.com\/1\/wp-content\/uploads\/2018\/11\/SANTO-ANDRE-PROFISSIONAIS.jpg 3441w, https:\/\/www.caririemacao.com\/1\/wp-content\/uploads\/2018\/11\/SANTO-ANDRE-PROFISSIONAIS-150x150.jpg 150w, https:\/\/www.caririemacao.com\/1\/wp-content\/uploads\/2018\/11\/SANTO-ANDRE-PROFISSIONAIS-300x300.jpg 300w, https:\/\/www.caririemacao.com\/1\/wp-content\/uploads\/2018\/11\/SANTO-ANDRE-PROFISSIONAIS-768x768.jpg 768w, https:\/\/www.caririemacao.com\/1\/wp-content\/uploads\/2018\/11\/SANTO-ANDRE-PROFISSIONAIS-1024x1024.jpg 1024w\" data-sizes=\"(max-width: 3441px) 100vw, 3441px\" src=\"data:image\/svg+xml;base64,PHN2ZyB3aWR0aD0iMSIgaGVpZ2h0PSIxIiB4bWxucz0iaHR0cDovL3d3dy53My5vcmcvMjAwMC9zdmciPjwvc3ZnPg==\" style=\"--smush-placeholder-width: 3441px; --smush-placeholder-aspect-ratio: 3441\/3441;\" \/><\/p>\n<p><img decoding=\"async\" class=\"aligncenter wp-image-72132 size-full lazyload\" data-src=\"http:\/\/www.caririemacao.com\/1\/wp-content\/uploads\/2018\/11\/SANTO-ANDRE-AGENTES-POLITICOS.jpg\" alt=\"\" width=\"3441\" height=\"3441\" data-srcset=\"https:\/\/www.caririemacao.com\/1\/wp-content\/uploads\/2018\/11\/SANTO-ANDRE-AGENTES-POLITICOS.jpg 3441w, https:\/\/www.caririemacao.com\/1\/wp-content\/uploads\/2018\/11\/SANTO-ANDRE-AGENTES-POLITICOS-150x150.jpg 150w, https:\/\/www.caririemacao.com\/1\/wp-content\/uploads\/2018\/11\/SANTO-ANDRE-AGENTES-POLITICOS-300x300.jpg 300w, https:\/\/www.caririemacao.com\/1\/wp-content\/uploads\/2018\/11\/SANTO-ANDRE-AGENTES-POLITICOS-768x768.jpg 768w, https:\/\/www.caririemacao.com\/1\/wp-content\/uploads\/2018\/11\/SANTO-ANDRE-AGENTES-POLITICOS-1024x1024.jpg 1024w\" data-sizes=\"(max-width: 3441px) 100vw, 3441px\" src=\"data:image\/svg+xml;base64,PHN2ZyB3aWR0aD0iMSIgaGVpZ2h0PSIxIiB4bWxucz0iaHR0cDovL3d3dy53My5vcmcvMjAwMC9zdmciPjwvc3ZnPg==\" style=\"--smush-placeholder-width: 3441px; --smush-placeholder-aspect-ratio: 3441\/3441;\" \/><\/p>\n<p><img decoding=\"async\" class=\"aligncenter wp-image-71912 size-full lazyload\" data-src=\"http:\/\/www.caririemacao.com\/1\/wp-content\/uploads\/2018\/11\/SANTO-ANDR\u00c9-PREFEITO.jpg\" alt=\"\" width=\"480\" height=\"288\" data-srcset=\"https:\/\/www.caririemacao.com\/1\/wp-content\/uploads\/2018\/11\/SANTO-ANDR\u00c9-PREFEITO.jpg 480w, https:\/\/www.caririemacao.com\/1\/wp-content\/uploads\/2018\/11\/SANTO-ANDR\u00c9-PREFEITO-300x180.jpg 300w\" data-sizes=\"(max-width: 480px) 100vw, 480px\" src=\"data:image\/svg+xml;base64,PHN2ZyB3aWR0aD0iMSIgaGVpZ2h0PSIxIiB4bWxucz0iaHR0cDovL3d3dy53My5vcmcvMjAwMC9zdmciPjwvc3ZnPg==\" style=\"--smush-placeholder-width: 480px; --smush-placeholder-aspect-ratio: 480\/288;\" \/><\/p>\n<p><img decoding=\"async\" class=\"aligncenter wp-image-71910 size-full lazyload\" data-src=\"http:\/\/www.caririemacao.com\/1\/wp-content\/uploads\/2018\/11\/SANTO-ANDR\u00c9-VICE.jpg\" alt=\"\" width=\"480\" height=\"288\" data-srcset=\"https:\/\/www.caririemacao.com\/1\/wp-content\/uploads\/2018\/11\/SANTO-ANDR\u00c9-VICE.jpg 480w, https:\/\/www.caririemacao.com\/1\/wp-content\/uploads\/2018\/11\/SANTO-ANDR\u00c9-VICE-300x180.jpg 300w\" data-sizes=\"(max-width: 480px) 100vw, 480px\" src=\"data:image\/svg+xml;base64,PHN2ZyB3aWR0aD0iMSIgaGVpZ2h0PSIxIiB4bWxucz0iaHR0cDovL3d3dy53My5vcmcvMjAwMC9zdmciPjwvc3ZnPg==\" style=\"--smush-placeholder-width: 480px; --smush-placeholder-aspect-ratio: 480\/288;\" \/><\/p>\n<p><img decoding=\"async\" class=\"aligncenter wp-image-71911 size-full lazyload\" data-src=\"http:\/\/www.caririemacao.com\/1\/wp-content\/uploads\/2018\/11\/SANTO-ANDR\u00c9-GOVERNADOR.jpg\" alt=\"\" width=\"480\" height=\"288\" data-srcset=\"https:\/\/www.caririemacao.com\/1\/wp-content\/uploads\/2018\/11\/SANTO-ANDR\u00c9-GOVERNADOR.jpg 480w, https:\/\/www.caririemacao.com\/1\/wp-content\/uploads\/2018\/11\/SANTO-ANDR\u00c9-GOVERNADOR-300x180.jpg 300w\" data-sizes=\"(max-width: 480px) 100vw, 480px\" src=\"data:image\/svg+xml;base64,PHN2ZyB3aWR0aD0iMSIgaGVpZ2h0PSIxIiB4bWxucz0iaHR0cDovL3d3dy53My5vcmcvMjAwMC9zdmciPjwvc3ZnPg==\" style=\"--smush-placeholder-width: 480px; --smush-placeholder-aspect-ratio: 480\/288;\" \/><\/p>\n<p><a href=\"http:\/\/www.caririemacao.com\/1\/?p=71813\">Veja outros resultados clicando aqui.<\/a><\/p>\n","protected":false},"excerpt":{"rendered":"<p>O Cariri em A\u00e7\u00e3o divulga os resultados da pesquisa realizada em 23 munic\u00edpios, sendo 19 na regi\u00e3o do Cariri e 04 cidades do Estado de&hellip; <\/p>\n","protected":false},"author":1,"featured_media":16923,"comment_status":"closed","ping_status":"closed","sticky":false,"template":"","format":"standard","meta":{"sfsi_plus_gutenberg_text_before_share":"","sfsi_plus_gutenberg_show_text_before_share":"","sfsi_plus_gutenberg_icon_type":"","sfsi_plus_gutenberg_icon_alignemt":"","sfsi_plus_gutenburg_max_per_row":"","footnotes":""},"categories":[49],"tags":[],"class_list":["post-71906","post","type-post","status-publish","format-standard","has-post-thumbnail","hentry","category-premio-referencia-2018"],"_links":{"self":[{"href":"https:\/\/www.caririemacao.com\/1\/wp-json\/wp\/v2\/posts\/71906","targetHints":{"allow":["GET"]}}],"collection":[{"href":"https:\/\/www.caririemacao.com\/1\/wp-json\/wp\/v2\/posts"}],"about":[{"href":"https:\/\/www.caririemacao.com\/1\/wp-json\/wp\/v2\/types\/post"}],"author":[{"embeddable":true,"href":"https:\/\/www.caririemacao.com\/1\/wp-json\/wp\/v2\/users\/1"}],"replies":[{"embeddable":true,"href":"https:\/\/www.caririemacao.com\/1\/wp-json\/wp\/v2\/comments?post=71906"}],"version-history":[{"count":6,"href":"https:\/\/www.caririemacao.com\/1\/wp-json\/wp\/v2\/posts\/71906\/revisions"}],"predecessor-version":[{"id":72135,"href":"https:\/\/www.caririemacao.com\/1\/wp-json\/wp\/v2\/posts\/71906\/revisions\/72135"}],"wp:featuredmedia":[{"embeddable":true,"href":"https:\/\/www.caririemacao.com\/1\/wp-json\/wp\/v2\/media\/16923"}],"wp:attachment":[{"href":"https:\/\/www.caririemacao.com\/1\/wp-json\/wp\/v2\/media?parent=71906"}],"wp:term":[{"taxonomy":"category","embeddable":true,"href":"https:\/\/www.caririemacao.com\/1\/wp-json\/wp\/v2\/categories?post=71906"},{"taxonomy":"post_tag","embeddable":true,"href":"https:\/\/www.caririemacao.com\/1\/wp-json\/wp\/v2\/tags?post=71906"}],"curies":[{"name":"wp","href":"https:\/\/api.w.org\/{rel}","templated":true}]}}