{"id":71939,"date":"2018-11-10T08:20:13","date_gmt":"2018-11-10T11:20:13","guid":{"rendered":"http:\/\/www.caririemacao.com\/1\/?p=71939"},"modified":"2018-11-10T04:12:05","modified_gmt":"2018-11-10T07:12:05","slug":"sao-sebastiao-do-umbuzeiro-cariri-em-acao-divulga-resultados-do-premio-referencia-2018","status":"publish","type":"post","link":"https:\/\/www.caririemacao.com\/1\/2018\/11\/10\/sao-sebastiao-do-umbuzeiro-cariri-em-acao-divulga-resultados-do-premio-referencia-2018\/","title":{"rendered":"S\u00c3O SEBASTI\u00c3O DO UMBUZEIRO: Cariri em A\u00e7\u00e3o divulga resultados do Pr\u00eamio Refer\u00eancia 2018"},"content":{"rendered":"<p>O Cariri em A\u00e7\u00e3o divulga os resultados da pesquisa realizada em 23 munic\u00edpios, sendo 19 na regi\u00e3o do Cariri e 04 cidades do Estado de Pernambuco. A pesquisa foi realizada entre os dias 15 a 31 de outubro.<\/p>\n<p>Veja os resultados da cidade de <strong>S\u00c3O SEBASTI\u00c3O DO UMBUZEIRO<\/strong>:<\/p>\n<p><img fetchpriority=\"high\" decoding=\"async\" class=\"aligncenter wp-image-72147 size-full\" src=\"http:\/\/www.caririemacao.com\/1\/wp-content\/uploads\/2018\/11\/S\u00c3O-SEBASTI\u00c3O-DO-UMBUZEIRO-EMPRESAS.jpg\" alt=\"\" width=\"3441\" height=\"3441\" srcset=\"https:\/\/www.caririemacao.com\/1\/wp-content\/uploads\/2018\/11\/S\u00c3O-SEBASTI\u00c3O-DO-UMBUZEIRO-EMPRESAS.jpg 3441w, https:\/\/www.caririemacao.com\/1\/wp-content\/uploads\/2018\/11\/S\u00c3O-SEBASTI\u00c3O-DO-UMBUZEIRO-EMPRESAS-150x150.jpg 150w, https:\/\/www.caririemacao.com\/1\/wp-content\/uploads\/2018\/11\/S\u00c3O-SEBASTI\u00c3O-DO-UMBUZEIRO-EMPRESAS-300x300.jpg 300w, https:\/\/www.caririemacao.com\/1\/wp-content\/uploads\/2018\/11\/S\u00c3O-SEBASTI\u00c3O-DO-UMBUZEIRO-EMPRESAS-768x768.jpg 768w, https:\/\/www.caririemacao.com\/1\/wp-content\/uploads\/2018\/11\/S\u00c3O-SEBASTI\u00c3O-DO-UMBUZEIRO-EMPRESAS-1024x1024.jpg 1024w\" sizes=\"(max-width: 3441px) 100vw, 3441px\" \/><\/p>\n<p><img decoding=\"async\" class=\"aligncenter wp-image-72148 size-full lazyload\" data-src=\"http:\/\/www.caririemacao.com\/1\/wp-content\/uploads\/2018\/11\/S\u00c3O-SEBASTI\u00c3O-DO-UMBUZEIRO-PROFISSIONAIS.jpg\" alt=\"\" width=\"3441\" height=\"3441\" data-srcset=\"https:\/\/www.caririemacao.com\/1\/wp-content\/uploads\/2018\/11\/S\u00c3O-SEBASTI\u00c3O-DO-UMBUZEIRO-PROFISSIONAIS.jpg 3441w, https:\/\/www.caririemacao.com\/1\/wp-content\/uploads\/2018\/11\/S\u00c3O-SEBASTI\u00c3O-DO-UMBUZEIRO-PROFISSIONAIS-150x150.jpg 150w, https:\/\/www.caririemacao.com\/1\/wp-content\/uploads\/2018\/11\/S\u00c3O-SEBASTI\u00c3O-DO-UMBUZEIRO-PROFISSIONAIS-300x300.jpg 300w, https:\/\/www.caririemacao.com\/1\/wp-content\/uploads\/2018\/11\/S\u00c3O-SEBASTI\u00c3O-DO-UMBUZEIRO-PROFISSIONAIS-768x768.jpg 768w, https:\/\/www.caririemacao.com\/1\/wp-content\/uploads\/2018\/11\/S\u00c3O-SEBASTI\u00c3O-DO-UMBUZEIRO-PROFISSIONAIS-1024x1024.jpg 1024w\" data-sizes=\"(max-width: 3441px) 100vw, 3441px\" src=\"data:image\/svg+xml;base64,PHN2ZyB3aWR0aD0iMSIgaGVpZ2h0PSIxIiB4bWxucz0iaHR0cDovL3d3dy53My5vcmcvMjAwMC9zdmciPjwvc3ZnPg==\" style=\"--smush-placeholder-width: 3441px; --smush-placeholder-aspect-ratio: 3441\/3441;\" \/><\/p>\n<p><img decoding=\"async\" class=\"aligncenter wp-image-72146 size-full lazyload\" data-src=\"http:\/\/www.caririemacao.com\/1\/wp-content\/uploads\/2018\/11\/S\u00c3O-SEBASTI\u00c3O-DO-UMBUZEIRO-AGENTES-POLITICOS.jpg\" alt=\"\" width=\"3441\" height=\"3441\" data-srcset=\"https:\/\/www.caririemacao.com\/1\/wp-content\/uploads\/2018\/11\/S\u00c3O-SEBASTI\u00c3O-DO-UMBUZEIRO-AGENTES-POLITICOS.jpg 3441w, https:\/\/www.caririemacao.com\/1\/wp-content\/uploads\/2018\/11\/S\u00c3O-SEBASTI\u00c3O-DO-UMBUZEIRO-AGENTES-POLITICOS-150x150.jpg 150w, https:\/\/www.caririemacao.com\/1\/wp-content\/uploads\/2018\/11\/S\u00c3O-SEBASTI\u00c3O-DO-UMBUZEIRO-AGENTES-POLITICOS-300x300.jpg 300w, https:\/\/www.caririemacao.com\/1\/wp-content\/uploads\/2018\/11\/S\u00c3O-SEBASTI\u00c3O-DO-UMBUZEIRO-AGENTES-POLITICOS-768x768.jpg 768w, https:\/\/www.caririemacao.com\/1\/wp-content\/uploads\/2018\/11\/S\u00c3O-SEBASTI\u00c3O-DO-UMBUZEIRO-AGENTES-POLITICOS-1024x1024.jpg 1024w\" data-sizes=\"(max-width: 3441px) 100vw, 3441px\" src=\"data:image\/svg+xml;base64,PHN2ZyB3aWR0aD0iMSIgaGVpZ2h0PSIxIiB4bWxucz0iaHR0cDovL3d3dy53My5vcmcvMjAwMC9zdmciPjwvc3ZnPg==\" style=\"--smush-placeholder-width: 3441px; --smush-placeholder-aspect-ratio: 3441\/3441;\" \/><\/p>\n<p><img decoding=\"async\" class=\"aligncenter wp-image-71944 size-full lazyload\" data-src=\"http:\/\/www.caririemacao.com\/1\/wp-content\/uploads\/2018\/11\/S\u00c3O-SEBASTI\u00c3O-DO-UMBUZEIRO-PREFEITO.jpg\" alt=\"\" width=\"480\" height=\"288\" data-srcset=\"https:\/\/www.caririemacao.com\/1\/wp-content\/uploads\/2018\/11\/S\u00c3O-SEBASTI\u00c3O-DO-UMBUZEIRO-PREFEITO.jpg 480w, https:\/\/www.caririemacao.com\/1\/wp-content\/uploads\/2018\/11\/S\u00c3O-SEBASTI\u00c3O-DO-UMBUZEIRO-PREFEITO-300x180.jpg 300w\" data-sizes=\"(max-width: 480px) 100vw, 480px\" src=\"data:image\/svg+xml;base64,PHN2ZyB3aWR0aD0iMSIgaGVpZ2h0PSIxIiB4bWxucz0iaHR0cDovL3d3dy53My5vcmcvMjAwMC9zdmciPjwvc3ZnPg==\" style=\"--smush-placeholder-width: 480px; --smush-placeholder-aspect-ratio: 480\/288;\" \/><\/p>\n<p><img decoding=\"async\" class=\"aligncenter wp-image-71945 size-full lazyload\" data-src=\"http:\/\/www.caririemacao.com\/1\/wp-content\/uploads\/2018\/11\/S\u00c3O-SEBASTI\u00c3O-DO-UMBUZEIRO-VICE.jpg\" alt=\"\" width=\"480\" height=\"288\" data-srcset=\"https:\/\/www.caririemacao.com\/1\/wp-content\/uploads\/2018\/11\/S\u00c3O-SEBASTI\u00c3O-DO-UMBUZEIRO-VICE.jpg 480w, https:\/\/www.caririemacao.com\/1\/wp-content\/uploads\/2018\/11\/S\u00c3O-SEBASTI\u00c3O-DO-UMBUZEIRO-VICE-300x180.jpg 300w\" data-sizes=\"(max-width: 480px) 100vw, 480px\" src=\"data:image\/svg+xml;base64,PHN2ZyB3aWR0aD0iMSIgaGVpZ2h0PSIxIiB4bWxucz0iaHR0cDovL3d3dy53My5vcmcvMjAwMC9zdmciPjwvc3ZnPg==\" style=\"--smush-placeholder-width: 480px; --smush-placeholder-aspect-ratio: 480\/288;\" \/><\/p>\n<p><img decoding=\"async\" class=\"aligncenter wp-image-71943 size-full lazyload\" data-src=\"http:\/\/www.caririemacao.com\/1\/wp-content\/uploads\/2018\/11\/S\u00c3O-SEBASTI\u00c3O-DO-UMBUZEIRO-GOVERNADOR.jpg\" alt=\"\" width=\"480\" height=\"288\" data-srcset=\"https:\/\/www.caririemacao.com\/1\/wp-content\/uploads\/2018\/11\/S\u00c3O-SEBASTI\u00c3O-DO-UMBUZEIRO-GOVERNADOR.jpg 480w, https:\/\/www.caririemacao.com\/1\/wp-content\/uploads\/2018\/11\/S\u00c3O-SEBASTI\u00c3O-DO-UMBUZEIRO-GOVERNADOR-300x180.jpg 300w\" data-sizes=\"(max-width: 480px) 100vw, 480px\" src=\"data:image\/svg+xml;base64,PHN2ZyB3aWR0aD0iMSIgaGVpZ2h0PSIxIiB4bWxucz0iaHR0cDovL3d3dy53My5vcmcvMjAwMC9zdmciPjwvc3ZnPg==\" style=\"--smush-placeholder-width: 480px; --smush-placeholder-aspect-ratio: 480\/288;\" \/><\/p>\n<p><a href=\"http:\/\/www.caririemacao.com\/1\/?p=71813\">Veja outros resultados clicando aqui.<\/a><\/p>\n","protected":false},"excerpt":{"rendered":"<p>O Cariri em A\u00e7\u00e3o divulga os resultados da pesquisa realizada em 23 munic\u00edpios, sendo 19 na regi\u00e3o do Cariri e 04 cidades do Estado de&hellip; <\/p>\n","protected":false},"author":1,"featured_media":72004,"comment_status":"closed","ping_status":"closed","sticky":false,"template":"","format":"standard","meta":{"sfsi_plus_gutenberg_text_before_share":"","sfsi_plus_gutenberg_show_text_before_share":"","sfsi_plus_gutenberg_icon_type":"","sfsi_plus_gutenberg_icon_alignemt":"","sfsi_plus_gutenburg_max_per_row":"","footnotes":""},"categories":[49],"tags":[],"class_list":["post-71939","post","type-post","status-publish","format-standard","has-post-thumbnail","hentry","category-premio-referencia-2018"],"_links":{"self":[{"href":"https:\/\/www.caririemacao.com\/1\/wp-json\/wp\/v2\/posts\/71939","targetHints":{"allow":["GET"]}}],"collection":[{"href":"https:\/\/www.caririemacao.com\/1\/wp-json\/wp\/v2\/posts"}],"about":[{"href":"https:\/\/www.caririemacao.com\/1\/wp-json\/wp\/v2\/types\/post"}],"author":[{"embeddable":true,"href":"https:\/\/www.caririemacao.com\/1\/wp-json\/wp\/v2\/users\/1"}],"replies":[{"embeddable":true,"href":"https:\/\/www.caririemacao.com\/1\/wp-json\/wp\/v2\/comments?post=71939"}],"version-history":[{"count":5,"href":"https:\/\/www.caririemacao.com\/1\/wp-json\/wp\/v2\/posts\/71939\/revisions"}],"predecessor-version":[{"id":72149,"href":"https:\/\/www.caririemacao.com\/1\/wp-json\/wp\/v2\/posts\/71939\/revisions\/72149"}],"wp:featuredmedia":[{"embeddable":true,"href":"https:\/\/www.caririemacao.com\/1\/wp-json\/wp\/v2\/media\/72004"}],"wp:attachment":[{"href":"https:\/\/www.caririemacao.com\/1\/wp-json\/wp\/v2\/media?parent=71939"}],"wp:term":[{"taxonomy":"category","embeddable":true,"href":"https:\/\/www.caririemacao.com\/1\/wp-json\/wp\/v2\/categories?post=71939"},{"taxonomy":"post_tag","embeddable":true,"href":"https:\/\/www.caririemacao.com\/1\/wp-json\/wp\/v2\/tags?post=71939"}],"curies":[{"name":"wp","href":"https:\/\/api.w.org\/{rel}","templated":true}]}}