{"id":72053,"date":"2018-11-10T01:36:03","date_gmt":"2018-11-10T04:36:03","guid":{"rendered":"http:\/\/www.caririemacao.com\/1\/?p=72053"},"modified":"2018-11-10T01:36:03","modified_gmt":"2018-11-10T04:36:03","slug":"cariri-em-acao-divulgara-resultados-do-premio-referencia-2018-neste-sabado-10","status":"publish","type":"post","link":"https:\/\/www.caririemacao.com\/1\/2018\/11\/10\/cariri-em-acao-divulgara-resultados-do-premio-referencia-2018-neste-sabado-10\/","title":{"rendered":"Cariri em A\u00e7\u00e3o divulgar\u00e1 resultados do PR\u00caMIO REFER\u00caNCIA 2018 neste s\u00e1bado (10)"},"content":{"rendered":"<p>O Portal de not\u00edcias Cariri em A\u00e7\u00e3o divulgar\u00e1 a partir das 8: 20 da manh\u00e3 os resultados da pesquisa (in loco) realizada em 23 munic\u00edpios (19 paraibanas e 04 pernambucanas).<\/p>\n<p>Todos os resultados da pesquisa que foi realizada entre os dias 15 a 31 de outubro ser\u00e3o divulgados atrav\u00e9s do Portal www.caririemacao.com, pelas redes sociais do portal e ainda no programa Cariri em A\u00e7\u00e3o \u00e0s 8h na 95FM.<\/p>\n<p>Descubra quem s\u00e3o as refer\u00eancias do seu munic\u00edpio. Pr\u00eamio Refer\u00eancia 2018, mais que um PR\u00caMIO, um reconhecimento \u00e0s refer\u00eancias da regi\u00e3o!<\/p>\n","protected":false},"excerpt":{"rendered":"<p>O Portal de not\u00edcias Cariri em A\u00e7\u00e3o divulgar\u00e1 a partir das 8: 20 da manh\u00e3 os resultados da pesquisa (in loco) realizada em 23 munic\u00edpios&hellip; <\/p>\n","protected":false},"author":1,"featured_media":72057,"comment_status":"closed","ping_status":"closed","sticky":false,"template":"","format":"standard","meta":{"sfsi_plus_gutenberg_text_before_share":"","sfsi_plus_gutenberg_show_text_before_share":"","sfsi_plus_gutenberg_icon_type":"","sfsi_plus_gutenberg_icon_alignemt":"","sfsi_plus_gutenburg_max_per_row":"","footnotes":""},"categories":[2,49],"tags":[],"class_list":["post-72053","post","type-post","status-publish","format-standard","has-post-thumbnail","hentry","category-geral","category-premio-referencia-2018"],"_links":{"self":[{"href":"https:\/\/www.caririemacao.com\/1\/wp-json\/wp\/v2\/posts\/72053","targetHints":{"allow":["GET"]}}],"collection":[{"href":"https:\/\/www.caririemacao.com\/1\/wp-json\/wp\/v2\/posts"}],"about":[{"href":"https:\/\/www.caririemacao.com\/1\/wp-json\/wp\/v2\/types\/post"}],"author":[{"embeddable":true,"href":"https:\/\/www.caririemacao.com\/1\/wp-json\/wp\/v2\/users\/1"}],"replies":[{"embeddable":true,"href":"https:\/\/www.caririemacao.com\/1\/wp-json\/wp\/v2\/comments?post=72053"}],"version-history":[{"count":1,"href":"https:\/\/www.caririemacao.com\/1\/wp-json\/wp\/v2\/posts\/72053\/revisions"}],"predecessor-version":[{"id":72058,"href":"https:\/\/www.caririemacao.com\/1\/wp-json\/wp\/v2\/posts\/72053\/revisions\/72058"}],"wp:featuredmedia":[{"embeddable":true,"href":"https:\/\/www.caririemacao.com\/1\/wp-json\/wp\/v2\/media\/72057"}],"wp:attachment":[{"href":"https:\/\/www.caririemacao.com\/1\/wp-json\/wp\/v2\/media?parent=72053"}],"wp:term":[{"taxonomy":"category","embeddable":true,"href":"https:\/\/www.caririemacao.com\/1\/wp-json\/wp\/v2\/categories?post=72053"},{"taxonomy":"post_tag","embeddable":true,"href":"https:\/\/www.caririemacao.com\/1\/wp-json\/wp\/v2\/tags?post=72053"}],"curies":[{"name":"wp","href":"https:\/\/api.w.org\/{rel}","templated":true}]}}