{"id":72166,"date":"2018-11-10T06:36:53","date_gmt":"2018-11-10T09:36:53","guid":{"rendered":"http:\/\/www.caririemacao.com\/1\/?p=72166"},"modified":"2018-11-10T06:34:38","modified_gmt":"2018-11-10T09:34:38","slug":"lider-do-governo-diz-que-aceita-debate-sobre-pec-mas-nao-ataques-pessoais-a-colegas","status":"publish","type":"post","link":"https:\/\/www.caririemacao.com\/1\/2018\/11\/10\/lider-do-governo-diz-que-aceita-debate-sobre-pec-mas-nao-ataques-pessoais-a-colegas\/","title":{"rendered":"L\u00edder do governo diz que aceita debate sobre PEC, mas n\u00e3o ataques pessoais a colegas"},"content":{"rendered":"<p>O deputado estadual Herv\u00e1zio Bezerra (PSB), l\u00edder do governo na Assembleia Legislativa da Para\u00edba (ALPB), comentou sobre a pol\u00eamica em torno da PEC que foi proposta pelo deputado Ricardo Barbosa (PSB), da base governista, e votada sem di\u00e1logo com o Poder Executivo e demais membros do governo. A emenda \u00e0 Constitui\u00e7\u00e3o prev\u00ea o fim da reelei\u00e7\u00e3o e da elei\u00e7\u00e3o antecipada para bi\u00eanios vindouros.<\/p>\n<p>Herv\u00e1zio disse que aceita o debate sobre o tema, mas n\u00e3o ataques pessoais a parlamentares que questionam a legalidade regimental da vota\u00e7\u00e3o da PEC.<\/p>\n<p><span lang=\"PT-BR\">\u201cAceito a debate do tema. \u00c9 salutar para esta Casa [Assembleia Legislativa da Para\u00edba]. No entanto, jamais ataques pessoais. \u00c9 importante tratar os colegas deputados com respeito\u201d, disse.<br \/>\n<\/span><\/p>\n<p>Segundo o parlamentar, ataques pessoais n\u00e3o s\u00e3o o expediente que o povo espera da ALPB.<\/p>\n","protected":false},"excerpt":{"rendered":"<p>O deputado estadual Herv\u00e1zio Bezerra (PSB), l\u00edder do governo na Assembleia Legislativa da Para\u00edba (ALPB), comentou sobre a pol\u00eamica em torno da PEC que foi&hellip; <\/p>\n","protected":false},"author":1,"featured_media":72167,"comment_status":"closed","ping_status":"closed","sticky":false,"template":"","format":"standard","meta":{"sfsi_plus_gutenberg_text_before_share":"","sfsi_plus_gutenberg_show_text_before_share":"","sfsi_plus_gutenberg_icon_type":"","sfsi_plus_gutenberg_icon_alignemt":"","sfsi_plus_gutenburg_max_per_row":"","footnotes":""},"categories":[11],"tags":[],"class_list":["post-72166","post","type-post","status-publish","format-standard","has-post-thumbnail","hentry","category-politica"],"_links":{"self":[{"href":"https:\/\/www.caririemacao.com\/1\/wp-json\/wp\/v2\/posts\/72166","targetHints":{"allow":["GET"]}}],"collection":[{"href":"https:\/\/www.caririemacao.com\/1\/wp-json\/wp\/v2\/posts"}],"about":[{"href":"https:\/\/www.caririemacao.com\/1\/wp-json\/wp\/v2\/types\/post"}],"author":[{"embeddable":true,"href":"https:\/\/www.caririemacao.com\/1\/wp-json\/wp\/v2\/users\/1"}],"replies":[{"embeddable":true,"href":"https:\/\/www.caririemacao.com\/1\/wp-json\/wp\/v2\/comments?post=72166"}],"version-history":[{"count":1,"href":"https:\/\/www.caririemacao.com\/1\/wp-json\/wp\/v2\/posts\/72166\/revisions"}],"predecessor-version":[{"id":72168,"href":"https:\/\/www.caririemacao.com\/1\/wp-json\/wp\/v2\/posts\/72166\/revisions\/72168"}],"wp:featuredmedia":[{"embeddable":true,"href":"https:\/\/www.caririemacao.com\/1\/wp-json\/wp\/v2\/media\/72167"}],"wp:attachment":[{"href":"https:\/\/www.caririemacao.com\/1\/wp-json\/wp\/v2\/media?parent=72166"}],"wp:term":[{"taxonomy":"category","embeddable":true,"href":"https:\/\/www.caririemacao.com\/1\/wp-json\/wp\/v2\/categories?post=72166"},{"taxonomy":"post_tag","embeddable":true,"href":"https:\/\/www.caririemacao.com\/1\/wp-json\/wp\/v2\/tags?post=72166"}],"curies":[{"name":"wp","href":"https:\/\/api.w.org\/{rel}","templated":true}]}}