{"id":72195,"date":"2018-11-10T09:40:48","date_gmt":"2018-11-10T12:40:48","guid":{"rendered":"http:\/\/www.caririemacao.com\/1\/?p=72195"},"modified":"2018-11-10T10:01:15","modified_gmt":"2018-11-10T13:01:15","slug":"filmes-ficcionais-produzidos-em-duas-cidades-do-cariri-sao-selecionados-para-o-fest-aruanda","status":"publish","type":"post","link":"https:\/\/www.caririemacao.com\/1\/2018\/11\/10\/filmes-ficcionais-produzidos-em-duas-cidades-do-cariri-sao-selecionados-para-o-fest-aruanda\/","title":{"rendered":"Filmes ficcionais produzidos em duas cidades do Cariri s\u00e3o selecionados para o Fest Aruanda"},"content":{"rendered":"<p>Com patroc\u00ednio do Grupo Energisa e Armaz\u00e9m Para\u00edba, o 13\u00ba Fest-Aruanda do Audiovisual Brasileiro, de 6 a 12 de dezembro de 2018, recebeu este ano um n\u00famero recorde de inscri\u00e7\u00f5es que surpreendeu seus organizadores. Foram 521 filmes inscritos, entre curtas de fic\u00e7\u00e3o, document\u00e1rios e filmes de anima\u00e7\u00e3o, al\u00e9m das categorias de TV Universit\u00e1ria.<\/p>\n<p>O n\u00famero \u00e9 o maior desde a cria\u00e7\u00e3o do Festival. \u201cIsso representa mais do que o dobro das inscri\u00e7\u00f5es que tivemos no ano passado e \u00a0refor\u00e7a a consolida\u00e7\u00e3o do festival, onde at\u00e9 filmes de longa-metragem foram enviados\u201d,\u00a0disse o produtor executivo, L\u00facio Vilar.<\/p>\n<p>Ele tamb\u00e9m destacou o trabalho \u00e1rduo dos jornalistas Amilton Pinheiro e Clarissa Kuschnir, de S\u00e3o Paulo e Suyene Correia Santos,de Aracaju, que assinam a curadoria de curtas.<\/p>\n<p>Foram selecionadas 12 produ\u00e7\u00f5es. Delas, nove s\u00e3o fic\u00e7\u00f5es, a categoria campe\u00e3 deste ano, seguido de document\u00e1rios (2) e \u00a0um de anima\u00e7\u00e3o. H\u00e1 representantes das regi\u00f5es Nordeste, Sul, Sudeste e do Distrito Federal. Da Para\u00edba, tr\u00eas filmes ficcionais foram selecionados, oriundos de Jo\u00e3o Pessoa e dos munic\u00edpios S\u00e3o Domingo do Cariri e Congo.<\/p>\n<p>\u201cFico feliz de poder ter assistido a tantos curtas diversificados, vindos de todas as partes do Brasil e que dialogam cada vez mais com o p\u00fablico a partir de temas atuais e necess\u00e1rios que precisam ser vistos e discutidos nos festivais\u201d, observa Clarissa Kuschnir, sobre a sua experi\u00eancia \u00a0participando dos trabalhos.<\/p>\n<p>J\u00e1 Amilton Pinheiro ressaltou a import\u00e2ncia da sele\u00e7\u00e3o. \u201cEla perpassa sintomas agudos das nossas mazelas sociais atreladas \u00e0 nossa incapacidade de equacionar privil\u00e9gios arraigados que nos molda entre preconceitos e preceitos, enquanto os desvalidos de muitas exist\u00eancias querem continuar existindo nas metr\u00f3poles e nos recantos dos sert\u00f5es euclidianos\u201d, destacou.<\/p>\n<p>\u201cPara mim,\u2019\u2019 diz ele, \u2018\u2019foi muito gratificante participar do j\u00fari de sele\u00e7\u00e3o do Aruanda. A partir de um universo de mais de 500 filmes, tomei conhecimento do que est\u00e1 sendo produzido nos cursos de cinema, nas produtoras independentes, pa\u00eds afora\u201d.<\/p>\n<p>\u2018\u2019S\u00e3o filmes interessant\u00edssimos, criativos, com tem\u00e1ticas urgentes que t\u00eam os festivais como principal janela de difus\u00e3o e reconhecimento da obra\u2019\u2019, diz Suyene Santos. \u2018\u2019 Fico feliz de contribuir para que esses t\u00edtulos saiam do anonimato e tor\u00e7o para que os realizadores se sintam estimulados a produzir cada vez mais. Vida longa ao Fest Aruanda!\u201d<\/p>\n<p><b>Os Curtas:<\/b><\/p>\n<p>\u201cPasso\u201d de S\u00e9rgio Rizzo \u2013 Document\u00e1rio (SP)<\/p>\n<p>\u201cDe De Vez Em Quando, Quando Eu Morro, Eu Choro\u201d de R. B. Lima \u2013 Fic\u00e7\u00e3o (PB)<\/p>\n<p>\u201cRoda da Fortuna\u201d de Luciano Porto \u2013 Fic\u00e7\u00e3o (DF)<\/p>\n<p>\u201cRasga Mortalha\u201d de Patricia de Aquino \u2013 Fic\u00e7\u00e3o \u00a0(S\u00e3o Domingo do Cariri\/PB)<\/p>\n<p>\u201cReforma\u201d de F\u00e1bio Leal \u2013 Fic\u00e7\u00e3o \u00a0(PE)<\/p>\n<p>\u201cFormid\u00e1vel Fabriqueta de Sonhos Menina Betina\u201d de Tiago Ribeiro \u2013 Anima\u00e7\u00e3o \u00a0(Pelotas\/RS)<\/p>\n<p>\u201cDist\u00farbio\u201d de Cl\u00e1udia Ribeiro \u2013 Fic\u00e7\u00e3o \u00a0(SP)<\/p>\n<p>\u201cF\u00e8 Mye Tal\u00e8\u201d de Henrique Lahude \u2013 Fic\u00e7\u00e3o \u00a0(Encantado\/RS)<\/p>\n<p>\u201cEdney\u201d de Jo\u00e3o Roberto Cintra \u2013 Fic\u00e7\u00e3o \u00a0(PE)<\/p>\n<p>\u201cDivina Luz\u201d de Ricardo S\u00e1 \u2013 Document\u00e1rio \u00a0(ES)<\/p>\n<p>\u201cUltravioleta\u201d de Jos\u00e9 Dhiones Nunes \u2013 Fic\u00e7\u00e3o \u00a0(Congo\/PB)<\/p>\n<p>\u201cAbismo\u201d de Ivan de Angelis \u2013 Fic\u00e7\u00e3o \u00a0(RJ)<\/p>\n","protected":false},"excerpt":{"rendered":"<p>Com patroc\u00ednio do Grupo Energisa e Armaz\u00e9m Para\u00edba, o 13\u00ba Fest-Aruanda do Audiovisual Brasileiro, de 6 a 12 de dezembro de 2018, recebeu este ano&hellip; <\/p>\n","protected":false},"author":1,"featured_media":20753,"comment_status":"closed","ping_status":"closed","sticky":false,"template":"","format":"standard","meta":{"sfsi_plus_gutenberg_text_before_share":"","sfsi_plus_gutenberg_show_text_before_share":"","sfsi_plus_gutenberg_icon_type":"","sfsi_plus_gutenberg_icon_alignemt":"","sfsi_plus_gutenburg_max_per_row":"","footnotes":""},"categories":[2],"tags":[],"class_list":["post-72195","post","type-post","status-publish","format-standard","has-post-thumbnail","hentry","category-geral"],"_links":{"self":[{"href":"https:\/\/www.caririemacao.com\/1\/wp-json\/wp\/v2\/posts\/72195","targetHints":{"allow":["GET"]}}],"collection":[{"href":"https:\/\/www.caririemacao.com\/1\/wp-json\/wp\/v2\/posts"}],"about":[{"href":"https:\/\/www.caririemacao.com\/1\/wp-json\/wp\/v2\/types\/post"}],"author":[{"embeddable":true,"href":"https:\/\/www.caririemacao.com\/1\/wp-json\/wp\/v2\/users\/1"}],"replies":[{"embeddable":true,"href":"https:\/\/www.caririemacao.com\/1\/wp-json\/wp\/v2\/comments?post=72195"}],"version-history":[{"count":1,"href":"https:\/\/www.caririemacao.com\/1\/wp-json\/wp\/v2\/posts\/72195\/revisions"}],"predecessor-version":[{"id":72197,"href":"https:\/\/www.caririemacao.com\/1\/wp-json\/wp\/v2\/posts\/72195\/revisions\/72197"}],"wp:featuredmedia":[{"embeddable":true,"href":"https:\/\/www.caririemacao.com\/1\/wp-json\/wp\/v2\/media\/20753"}],"wp:attachment":[{"href":"https:\/\/www.caririemacao.com\/1\/wp-json\/wp\/v2\/media?parent=72195"}],"wp:term":[{"taxonomy":"category","embeddable":true,"href":"https:\/\/www.caririemacao.com\/1\/wp-json\/wp\/v2\/categories?post=72195"},{"taxonomy":"post_tag","embeddable":true,"href":"https:\/\/www.caririemacao.com\/1\/wp-json\/wp\/v2\/tags?post=72195"}],"curies":[{"name":"wp","href":"https:\/\/api.w.org\/{rel}","templated":true}]}}