{"id":72198,"date":"2018-11-10T09:45:52","date_gmt":"2018-11-10T12:45:52","guid":{"rendered":"http:\/\/www.caririemacao.com\/1\/?p=72198"},"modified":"2018-11-10T09:45:52","modified_gmt":"2018-11-10T12:45:52","slug":"bolsonaro-deve-anunciar-mais-quatro-ministros-nos-proximos-dias","status":"publish","type":"post","link":"https:\/\/www.caririemacao.com\/1\/2018\/11\/10\/bolsonaro-deve-anunciar-mais-quatro-ministros-nos-proximos-dias\/","title":{"rendered":"Bolsonaro deve anunciar mais quatro ministros nos pr\u00f3ximos dias"},"content":{"rendered":"<p>A previs\u00e3o foi feita pelo pr\u00f3prio Bolsonaro hoje (9), durante transmiss\u00e3o ao vivo nas redes sociais, ao destacar a dificuldade para escolher um nome para educa\u00e7\u00e3o. \u201cEduca\u00e7\u00e3o \u00e9 complicado\u201d, afirmou.<\/p>\n<p>Bolsonaro disse que ele vai escolher o nome para o Meio Ambiente: \u201cQuem vai indicar \u00e9 Jair Messias Bolsonaro\u201d, disse o presidente eleito dirigindo-se \u00e0s organiza\u00e7\u00f5es n\u00e3o governamentais (ONGs).<\/p>\n<p>O presidente eleito reclamou das multas ambientais. Segundo ele, h\u00e1 informa\u00e7\u00f5es, que ainda n\u00e3o confirmou, segundo as quais 40% do arrecadado em multas v\u00e3o para as ONGs. \u201cN\u00e3o vai ter aquele ativismo\u201d, avisou, sem entrar em detalhes.<\/p>\n<p>Para Bolsonaro, h\u00e1 abusos na cobran\u00e7a de multas e tamb\u00e9m na demarca\u00e7\u00e3o de terras ind\u00edgenas. Ele disse ter sido v\u00edtima de uma den\u00fancia infundada sobre pesca ilegal, em 2012, que o fez responder no Supremo Tribunal Federal (STF), embora tivesse comprovado que a acusa\u00e7\u00e3o era improcedente. De acordo com o presidente eleito, uma forma de incentivar a preserva\u00e7\u00e3o ambiental \u00e9 estimular o turismo.<\/p>\n<p><img fetchpriority=\"high\" decoding=\"async\" class=\" wp-image-524371 lazyloaded alignright\" src=\"https:\/\/paraibaonline.com.br\/wp-content\/uploads\/2018\/11\/bolsonaro0711-567x378.jpg\" sizes=\"(max-width: 567px) 100vw, 567px\" srcset=\"https:\/\/paraibaonline.com.br\/wp-content\/uploads\/2018\/11\/bolsonaro0711-567x378.jpg 567w, https:\/\/paraibaonline.com.br\/wp-content\/uploads\/2018\/11\/bolsonaro0711.jpg 754w\" alt=\"Valter Campanato\/Ag\u00eancia Brasil\" width=\"491\" height=\"327\" data-lazy-src=\"https:\/\/paraibaonline.com.br\/wp-content\/uploads\/2018\/11\/bolsonaro0711-567x378.jpg\" data-lazy-srcset=\"https:\/\/paraibaonline.com.br\/wp-content\/uploads\/2018\/11\/bolsonaro0711-567x378.jpg 567w, https:\/\/paraibaonline.com.br\/wp-content\/uploads\/2018\/11\/bolsonaro0711.jpg 754w\" data-lazy-sizes=\"(max-width: 567px) 100vw, 567px\" data-was-processed=\"true\" \/><\/p>\n<p>Defesa<br \/>\nPara o Minist\u00e9rio da Defesa, Bolsonaro afirmou que \u201cn\u00e3o abre m\u00e3o de um general 4 estrelas\u201d. Segundo ele, n\u00e3o faz distin\u00e7\u00e3o entre Ex\u00e9rcito, ou equivalente da Marinha e Aeron\u00e1utica \u2013 mas quer que seja o oficial mais graduado.<\/p>\n<p>No Minist\u00e9rio das Rela\u00e7\u00f5es Exteriores, o presidente eleito afirmou anteriormente que pretende escolher um diplomata de carreira para assumir o comando da pasta. Ele disse que quer um embaixador \u201csem vi\u00e9s ideol\u00f3gico\u201d.<\/p>\n<p>O pr\u00f3ximo chanceler ter\u00e1 pela frente que enfrentar a determina\u00e7\u00e3o de Bolsonaro de transferir a Embaixada do Brasil de TelAviv para Jerusal\u00e9m, medida que desagrada palestinos e comunidades dos pa\u00edses \u00e1rabes.<\/p>\n<p>\u201cN\u00f3s, no Brasil, nos damos bem com todos. Para qu\u00ea criar um cavalo de batalha. Vamos parar com essa frescura\u201d, disse o presidente eleito, na transmiss\u00e3o ao vivo hoje.<\/p>\n<p>Elogios<br \/>\nBolsonaro destacou o perfil de cada um dos j\u00e1 confirmados: Paulo Guedes para Economia, Sergio Moro para Justi\u00e7a e Seguran\u00e7a, Onyx Lorenzoni para Casa Civil, general da reserva Augusto Heleno para o Gabinete de Seguran\u00e7a Institucional e Tereza Cristina para Agricultura, al\u00e9m de Marcos Pontes para Ci\u00eancia e Tecnologia.<\/p>\n<p>O presidente eleito disse ter observado que \u201ctodos confiam\u201d no economista Paulo Guedes, que comandar\u00e1 o superminist\u00e9rio que vai reunir Fazenda, Planejamento e Ind\u00fastria e Com\u00e9rcio. \u201cPrecisamos de uma equipe para salvar o Brasil.\u201d<\/p>\n<p>Tamb\u00e9m elogiou o general Heleno, descrito pelo presidente eleito como \u201cum conselheiro\u201d. Para ele, o astronauta Marcos Pontes \u00e9 uma refer\u00eancia por sua carreira e curr\u00edculo. \u201cEle \u00e9 perfeitamente ligado a este mundo.\u201d<\/p>\n<p>Ao se referir sobre o juiz Sergio Moro, Bolsonaro afirmou que a \u00fanica exig\u00eancia feita por ele para assumir a Justi\u00e7a foi \u201cter carta branca para combater o crime organizado\u201d. Da\u00ed sua determina\u00e7\u00e3o de agregar outras \u00e1reas ao Minist\u00e9rio da Justi\u00e7a, como Seguran\u00e7a P\u00fablica e um \u201cbra\u00e7o\u201d \u2013 o Conselho de Controle de Atividades Financeiras (Coaf).<\/p>\n<p>Tamb\u00e9m afirmou que a discuss\u00e3o sobre a redu\u00e7\u00e3o da maioridade penal vai ser definida a partir de um consenso e n\u00e3o por imposi\u00e7\u00e3o.<\/p>\n<p>Afinidade<br \/>\nO presidente eleito disse ainda que a escolha da deputada federal Tereza Cristina (DEM-MS) foi uma indica\u00e7\u00e3o da bancada ruralista. De acordo com ele, outros gostariam de ter sido indicados e alegaram que est\u00e3o \u201ch\u00e1 muito tempo\u201d ao seu lado. \u201cSe for assim, tenho de colocar minha m\u00e3e, ent\u00e3o, que est\u00e1 comigo h\u00e1 63 anos.\u201d<\/p>\n<p>Bolsonaro disse que sua prioridade na Agricultura ser\u00e1 garantir seguran\u00e7a jur\u00eddica para os produtores rurais, de tal maneira que eles \u201cn\u00e3o acordem\u201d no dia seguinte com a terra demarcada para ind\u00edgenas nem com a cobran\u00e7a de multas indevidas.<\/p>\n","protected":false},"excerpt":{"rendered":"<p>A previs\u00e3o foi feita pelo pr\u00f3prio Bolsonaro hoje (9), durante transmiss\u00e3o ao vivo nas redes sociais, ao destacar a dificuldade para escolher um nome para&hellip; <\/p>\n","protected":false},"author":1,"featured_media":43564,"comment_status":"closed","ping_status":"closed","sticky":false,"template":"","format":"standard","meta":{"sfsi_plus_gutenberg_text_before_share":"","sfsi_plus_gutenberg_show_text_before_share":"","sfsi_plus_gutenberg_icon_type":"","sfsi_plus_gutenberg_icon_alignemt":"","sfsi_plus_gutenburg_max_per_row":"","footnotes":""},"categories":[11],"tags":[],"class_list":["post-72198","post","type-post","status-publish","format-standard","has-post-thumbnail","hentry","category-politica"],"_links":{"self":[{"href":"https:\/\/www.caririemacao.com\/1\/wp-json\/wp\/v2\/posts\/72198","targetHints":{"allow":["GET"]}}],"collection":[{"href":"https:\/\/www.caririemacao.com\/1\/wp-json\/wp\/v2\/posts"}],"about":[{"href":"https:\/\/www.caririemacao.com\/1\/wp-json\/wp\/v2\/types\/post"}],"author":[{"embeddable":true,"href":"https:\/\/www.caririemacao.com\/1\/wp-json\/wp\/v2\/users\/1"}],"replies":[{"embeddable":true,"href":"https:\/\/www.caririemacao.com\/1\/wp-json\/wp\/v2\/comments?post=72198"}],"version-history":[{"count":1,"href":"https:\/\/www.caririemacao.com\/1\/wp-json\/wp\/v2\/posts\/72198\/revisions"}],"predecessor-version":[{"id":72200,"href":"https:\/\/www.caririemacao.com\/1\/wp-json\/wp\/v2\/posts\/72198\/revisions\/72200"}],"wp:featuredmedia":[{"embeddable":true,"href":"https:\/\/www.caririemacao.com\/1\/wp-json\/wp\/v2\/media\/43564"}],"wp:attachment":[{"href":"https:\/\/www.caririemacao.com\/1\/wp-json\/wp\/v2\/media?parent=72198"}],"wp:term":[{"taxonomy":"category","embeddable":true,"href":"https:\/\/www.caririemacao.com\/1\/wp-json\/wp\/v2\/categories?post=72198"},{"taxonomy":"post_tag","embeddable":true,"href":"https:\/\/www.caririemacao.com\/1\/wp-json\/wp\/v2\/tags?post=72198"}],"curies":[{"name":"wp","href":"https:\/\/api.w.org\/{rel}","templated":true}]}}