{"id":72201,"date":"2018-11-10T09:48:52","date_gmt":"2018-11-10T12:48:52","guid":{"rendered":"http:\/\/www.caririemacao.com\/1\/?p=72201"},"modified":"2018-11-10T09:48:52","modified_gmt":"2018-11-10T12:48:52","slug":"homem-e-baleado-apos-trocar-tiros-com-policiais-na-paraiba","status":"publish","type":"post","link":"https:\/\/www.caririemacao.com\/1\/2018\/11\/10\/homem-e-baleado-apos-trocar-tiros-com-policiais-na-paraiba\/","title":{"rendered":"Homem \u00e9 baleado ap\u00f3s trocar tiros com policiais na Para\u00edba"},"content":{"rendered":"<p>Um homem foi baleado ap\u00f3s trocar tiros com a Pol\u00edcia Civil durante tentativa de assalto, na manh\u00e3 deste s\u00e1bado (10), em Campina Grande, na Para\u00edba. De acordo com a pol\u00edcia, o homem e um adolescente abordaram a v\u00edtima para roubar o carro em que ele estava.<\/p>\n<p>A Pol\u00edcia Civil reagiu ao assalto e houve troca de tiros. Jo\u00e3o Guilherme Dion\u00edzio de Souza, de 27 anos, ficou ferido com tiros nas pernas e t\u00f3rax. O adolescente de 17 anos se entregou a pol\u00edcia.<\/p>\n<p>Jo\u00e3o foi encaminhado para o Hospital de Trauma de Campina Grande. A unidade de sa\u00fade n\u00e3o divulgou o estado de sa\u00fade dele.<\/p>\n<p>Com eles a pol\u00edcia apreendeu um\u00a0rev\u00f3lver calibre 38 com numera\u00e7\u00e3o raspada.<\/p>\n<p>ClickPB<\/p>\n","protected":false},"excerpt":{"rendered":"<p>Um homem foi baleado ap\u00f3s trocar tiros com a Pol\u00edcia Civil durante tentativa de assalto, na manh\u00e3 deste s\u00e1bado (10), em Campina Grande, na Para\u00edba.&hellip; <\/p>\n","protected":false},"author":1,"featured_media":40814,"comment_status":"closed","ping_status":"closed","sticky":false,"template":"","format":"standard","meta":{"sfsi_plus_gutenberg_text_before_share":"","sfsi_plus_gutenberg_show_text_before_share":"","sfsi_plus_gutenberg_icon_type":"","sfsi_plus_gutenberg_icon_alignemt":"","sfsi_plus_gutenburg_max_per_row":"","footnotes":""},"categories":[12],"tags":[],"class_list":["post-72201","post","type-post","status-publish","format-standard","has-post-thumbnail","hentry","category-policia"],"_links":{"self":[{"href":"https:\/\/www.caririemacao.com\/1\/wp-json\/wp\/v2\/posts\/72201","targetHints":{"allow":["GET"]}}],"collection":[{"href":"https:\/\/www.caririemacao.com\/1\/wp-json\/wp\/v2\/posts"}],"about":[{"href":"https:\/\/www.caririemacao.com\/1\/wp-json\/wp\/v2\/types\/post"}],"author":[{"embeddable":true,"href":"https:\/\/www.caririemacao.com\/1\/wp-json\/wp\/v2\/users\/1"}],"replies":[{"embeddable":true,"href":"https:\/\/www.caririemacao.com\/1\/wp-json\/wp\/v2\/comments?post=72201"}],"version-history":[{"count":1,"href":"https:\/\/www.caririemacao.com\/1\/wp-json\/wp\/v2\/posts\/72201\/revisions"}],"predecessor-version":[{"id":72202,"href":"https:\/\/www.caririemacao.com\/1\/wp-json\/wp\/v2\/posts\/72201\/revisions\/72202"}],"wp:featuredmedia":[{"embeddable":true,"href":"https:\/\/www.caririemacao.com\/1\/wp-json\/wp\/v2\/media\/40814"}],"wp:attachment":[{"href":"https:\/\/www.caririemacao.com\/1\/wp-json\/wp\/v2\/media?parent=72201"}],"wp:term":[{"taxonomy":"category","embeddable":true,"href":"https:\/\/www.caririemacao.com\/1\/wp-json\/wp\/v2\/categories?post=72201"},{"taxonomy":"post_tag","embeddable":true,"href":"https:\/\/www.caririemacao.com\/1\/wp-json\/wp\/v2\/tags?post=72201"}],"curies":[{"name":"wp","href":"https:\/\/api.w.org\/{rel}","templated":true}]}}