{"id":72223,"date":"2018-11-10T14:57:28","date_gmt":"2018-11-10T17:57:28","guid":{"rendered":"http:\/\/www.caririemacao.com\/1\/?p=72223"},"modified":"2018-11-10T14:58:27","modified_gmt":"2018-11-10T17:58:27","slug":"cassio-cunha-lima-diz-que-votou-a-favor-do-aumento-para-ministros-respeitando-a-decisao-colegiada-do-stf","status":"publish","type":"post","link":"https:\/\/www.caririemacao.com\/1\/2018\/11\/10\/cassio-cunha-lima-diz-que-votou-a-favor-do-aumento-para-ministros-respeitando-a-decisao-colegiada-do-stf\/","title":{"rendered":"C\u00e1ssio Cunha Lima diz que votou a favor do aumento para ministros respeitando a decis\u00e3o colegiada do STF"},"content":{"rendered":"<p>O senador paraibano e vice-presidente do Senado, C\u00e1ssio Cunha Lima, disse a O Antagonista que votou peloreajuste do sal\u00e1rio dos ministros do STFconfiando no fim do aux\u00edlio-moradia.<\/p>\n<p>\u201cA proposta veio do pr\u00f3prio Judici\u00e1rio, que possui autonomia or\u00e7ament\u00e1ria. A indica\u00e7\u00e3o sempre foi no sentido de substituir o question\u00e1vel aux\u00edlio-moradia pela reposi\u00e7\u00e3o inflacion\u00e1ria do subs\u00eddio. Acatei a decis\u00e3o da maioria da Corte e confio que o acordo ser\u00e1 cumprido, o que praticamente neutralizara os efeitos financeiros do recomposi\u00e7\u00e3o\u201d, disse o senador.<\/p>\n<p>O tucano, que n\u00e3o se reelegeu na Para\u00edba, tamb\u00e9m disse que respeitou a decis\u00e3o colegiada do STF.<\/p>\n<p>\u201cAl\u00e9m do mais, respeitar a decis\u00e3o colegiada do STF, que aprovou por maioria a recomposi\u00e7\u00e3o, contribuiu para a harmonia e independ\u00eancia dos Poderes, t\u00e3o necess\u00e1rias para o Brasil pacificar\u201d, finalizou.<\/p>\n<p>Neste domingo (11), est\u00e1 programada uma\u00a0manifesta\u00e7\u00e3o contra o aumento do subs\u00eddio do Salimento TF, no Busto de Tamandar\u00e9, em Jo\u00e3o Pessoa.<\/p>\n<p>Clikpb<\/p>\n","protected":false},"excerpt":{"rendered":"<p>O senador paraibano e vice-presidente do Senado, C\u00e1ssio Cunha Lima, disse a O Antagonista que votou peloreajuste do sal\u00e1rio dos ministros do STFconfiando no fim&hellip; <\/p>\n","protected":false},"author":1,"featured_media":72226,"comment_status":"closed","ping_status":"closed","sticky":false,"template":"","format":"standard","meta":{"sfsi_plus_gutenberg_text_before_share":"","sfsi_plus_gutenberg_show_text_before_share":"","sfsi_plus_gutenberg_icon_type":"","sfsi_plus_gutenberg_icon_alignemt":"","sfsi_plus_gutenburg_max_per_row":"","footnotes":""},"categories":[11],"tags":[],"class_list":["post-72223","post","type-post","status-publish","format-standard","has-post-thumbnail","hentry","category-politica"],"_links":{"self":[{"href":"https:\/\/www.caririemacao.com\/1\/wp-json\/wp\/v2\/posts\/72223","targetHints":{"allow":["GET"]}}],"collection":[{"href":"https:\/\/www.caririemacao.com\/1\/wp-json\/wp\/v2\/posts"}],"about":[{"href":"https:\/\/www.caririemacao.com\/1\/wp-json\/wp\/v2\/types\/post"}],"author":[{"embeddable":true,"href":"https:\/\/www.caririemacao.com\/1\/wp-json\/wp\/v2\/users\/1"}],"replies":[{"embeddable":true,"href":"https:\/\/www.caririemacao.com\/1\/wp-json\/wp\/v2\/comments?post=72223"}],"version-history":[{"count":1,"href":"https:\/\/www.caririemacao.com\/1\/wp-json\/wp\/v2\/posts\/72223\/revisions"}],"predecessor-version":[{"id":72230,"href":"https:\/\/www.caririemacao.com\/1\/wp-json\/wp\/v2\/posts\/72223\/revisions\/72230"}],"wp:featuredmedia":[{"embeddable":true,"href":"https:\/\/www.caririemacao.com\/1\/wp-json\/wp\/v2\/media\/72226"}],"wp:attachment":[{"href":"https:\/\/www.caririemacao.com\/1\/wp-json\/wp\/v2\/media?parent=72223"}],"wp:term":[{"taxonomy":"category","embeddable":true,"href":"https:\/\/www.caririemacao.com\/1\/wp-json\/wp\/v2\/categories?post=72223"},{"taxonomy":"post_tag","embeddable":true,"href":"https:\/\/www.caririemacao.com\/1\/wp-json\/wp\/v2\/tags?post=72223"}],"curies":[{"name":"wp","href":"https:\/\/api.w.org\/{rel}","templated":true}]}}