{"id":72234,"date":"2018-11-10T15:02:51","date_gmt":"2018-11-10T18:02:51","guid":{"rendered":"http:\/\/www.caririemacao.com\/1\/?p=72234"},"modified":"2018-11-10T15:02:51","modified_gmt":"2018-11-10T18:02:51","slug":"mais-50-estudantes-da-rede-publica-sao-enviados-para-intercambio-na-espanha","status":"publish","type":"post","link":"https:\/\/www.caririemacao.com\/1\/2018\/11\/10\/mais-50-estudantes-da-rede-publica-sao-enviados-para-intercambio-na-espanha\/","title":{"rendered":"Mais 50 estudantes da rede p\u00fablica s\u00e3o enviados para interc\u00e2mbio na Espanha"},"content":{"rendered":"<p>O Governo do Estado enviou 50 estudantes da Rede Estadual de Ensino para a Espanha, por meio do Programa Gira Mundo, nessa sexta-feira (9). A solenidade de pr\u00e9-embarque foi realizada no audit\u00f3rio do Liceu Paraibano, em Jo\u00e3o Pessoa. O embarque aconteceu \u00e0s 22h, no Aeroporto Internacional do Recife-Guararapes Gilberto Freyre, em Pernambuco.<\/p>\n<p>S\u00e3o aproximadamente oito horas de voo para a capital Madri. Ap\u00f3s o desembarque eles seguem viagem para o sul da Espanha, onde ser\u00e3o divididos entre 15 escolas p\u00fablicas e cursar\u00e3o um semestre letivo. Os estudantes residir\u00e3o em casa de fam\u00edlias nativas do pa\u00eds e v\u00e3o receber bolsa aux\u00edlio para despesas pessoais e passagens, al\u00e9m de seguro sa\u00fade, custos financiados pelo Governo do Estado. Durante a estada na Espanha, os estudantes dever\u00e3o desenvolver um projeto que ser\u00e1 aplicado em sua escola e regi\u00e3o no regresso ao Brasil. O retorno ser\u00e1 no dia 5 de Mar\u00e7o de 2019.<\/p>\n<p>Expectativa &#8211; Ingrid Kauanny, aluna da Escola Cidad\u00e3 Integral Nossa Senhora do Bom Conselho, em Princesa Isabel, disse que estava ansiosa para viver essa experi\u00eancia. \u201cA gente nunca imaginava ver esse cen\u00e1rio, estudante de escola p\u00fablica indo para outro pa\u00eds com tudo financiado pelo governo, \u00e9 uma oportunidade incr\u00edvel que o Estado est\u00e1 dando e tenho certeza que ser\u00e1 retribu\u00eddo, pois iremos repassar todo conhecimento que adquirirmos\u201d, ressalto.<\/p>\n<p>Para o estudante da Escola Cidad\u00e3 Integral Professor Lord\u00e3o, em Picu\u00ed, Murilo Arag\u00e3o, o Programa Gira Mundo proporciona ensino de qualidade para os jovens da Rede Estadual. \u201cFiquei feliz por ter conquistado um sonho. Estou com uma expectativa muito boa, pois sei que vou conhecer uma nova cultura, novas pessoas. Essa a\u00e7\u00e3o do Gira Mundo vai nos amadurecer e elevar o n\u00edvel de aprendizado\u201d, disse.<\/p>\n<p>Jos\u00e9 Fabiana \u00e9 m\u00e3e do aluno Murilo, estava presente acompanhando e apoiando o filho para essa nova experi\u00eancia. \u201c\u00c9 algo novo em nossas vidas, fico apreensiva, por\u00e9m muito orgulhosa, eu sempre o incentivei, inscrevi ele no Programa e meu filho foi selecionado\u201d, ressaltou.<\/p>\n<p>Keity Makari, estudante do 2\u00ba ano da Escola Estadual de Ensino M\u00e9dio Prefeito Severino Pereira Gomes, em Bara\u00fana, afirmou que vai aproveitar o m\u00e1ximo essa oportunidade. \u201cTenho certeza que esse interc\u00e2mbio vai acrescentar muito nas minhas experi\u00eancias pessoais e estudantis. Parabenizo o nosso governador, pois \u00e9 uma oportunidade \u00fanica em nossas vidas, isso enriquece o nosso curr\u00edculo acad\u00eamico, hoje tenho orgulho de dizer que estudo em escola p\u00fablica\u201d, destacou.<\/p>\n<p>Programa Gira Mundo &#8211; Segundo o coordenador do Gira Mundo, Tulhio Serrano, o objetivo geral do Programa \u00e9 oportunizar os estudantes da Rede Estadual de Ensino a experi\u00eancia cultural e pedag\u00f3gica, como tamb\u00e9m o acesso a novos m\u00e9todos de ensino, para que eles se desenvolvam e cres\u00e7am em conhecimento.<\/p>\n<ul>\n<li>Na edi\u00e7\u00e3o 2018, o Programa ofertou 200 vagas na modalidade estudante, sendo 100 para o Canad\u00e1, 50 para a Espanha, 25 para Portugal e 25 para a Argentina. Click PB<\/li>\n<\/ul>\n","protected":false},"excerpt":{"rendered":"<p>O Governo do Estado enviou 50 estudantes da Rede Estadual de Ensino para a Espanha, por meio do Programa Gira Mundo, nessa sexta-feira (9). A&hellip; <\/p>\n","protected":false},"author":1,"featured_media":72237,"comment_status":"closed","ping_status":"closed","sticky":false,"template":"","format":"standard","meta":{"sfsi_plus_gutenberg_text_before_share":"","sfsi_plus_gutenberg_show_text_before_share":"","sfsi_plus_gutenberg_icon_type":"","sfsi_plus_gutenberg_icon_alignemt":"","sfsi_plus_gutenburg_max_per_row":"","footnotes":""},"categories":[14],"tags":[],"class_list":["post-72234","post","type-post","status-publish","format-standard","has-post-thumbnail","hentry","category-educacao"],"_links":{"self":[{"href":"https:\/\/www.caririemacao.com\/1\/wp-json\/wp\/v2\/posts\/72234","targetHints":{"allow":["GET"]}}],"collection":[{"href":"https:\/\/www.caririemacao.com\/1\/wp-json\/wp\/v2\/posts"}],"about":[{"href":"https:\/\/www.caririemacao.com\/1\/wp-json\/wp\/v2\/types\/post"}],"author":[{"embeddable":true,"href":"https:\/\/www.caririemacao.com\/1\/wp-json\/wp\/v2\/users\/1"}],"replies":[{"embeddable":true,"href":"https:\/\/www.caririemacao.com\/1\/wp-json\/wp\/v2\/comments?post=72234"}],"version-history":[{"count":1,"href":"https:\/\/www.caririemacao.com\/1\/wp-json\/wp\/v2\/posts\/72234\/revisions"}],"predecessor-version":[{"id":72238,"href":"https:\/\/www.caririemacao.com\/1\/wp-json\/wp\/v2\/posts\/72234\/revisions\/72238"}],"wp:featuredmedia":[{"embeddable":true,"href":"https:\/\/www.caririemacao.com\/1\/wp-json\/wp\/v2\/media\/72237"}],"wp:attachment":[{"href":"https:\/\/www.caririemacao.com\/1\/wp-json\/wp\/v2\/media?parent=72234"}],"wp:term":[{"taxonomy":"category","embeddable":true,"href":"https:\/\/www.caririemacao.com\/1\/wp-json\/wp\/v2\/categories?post=72234"},{"taxonomy":"post_tag","embeddable":true,"href":"https:\/\/www.caririemacao.com\/1\/wp-json\/wp\/v2\/tags?post=72234"}],"curies":[{"name":"wp","href":"https:\/\/api.w.org\/{rel}","templated":true}]}}