{"id":72253,"date":"2018-11-10T15:11:55","date_gmt":"2018-11-10T18:11:55","guid":{"rendered":"http:\/\/www.caririemacao.com\/1\/?p=72253"},"modified":"2018-11-10T15:11:55","modified_gmt":"2018-11-10T18:11:55","slug":"policia-civil-da-paraiba-recupera-veiculo-roubado-e-prende-homem-por-receptacao","status":"publish","type":"post","link":"https:\/\/www.caririemacao.com\/1\/2018\/11\/10\/policia-civil-da-paraiba-recupera-veiculo-roubado-e-prende-homem-por-receptacao\/","title":{"rendered":"Pol\u00edcia Civil da Para\u00edba recupera ve\u00edculo roubado e prende homem por recepta\u00e7\u00e3o"},"content":{"rendered":"<p>Pol\u00edcia Civil da Para\u00edba, atrav\u00e9s da Delegacia de Roubos e Furtos de Ve\u00edculos e Cargas (DRFVC), localizou, na manh\u00e3 deste s\u00e1bado (10), um ve\u00edculo roubado no dia 03 de outubro, no Bairro dos Estados, em\u00a0Jo\u00e3o Pessoa. Foi verificado que o ve\u00edculo estava com o chassi adulterado e diversos sinais identificadores adulterados (marca\u00e7\u00f5es \/ vidros).<\/p>\n<figure><img decoding=\"async\" data-src=\"https:\/\/www.clickpb.com.br\/media\/filer_public\/be\/b2\/beb2c607-58fa-439a-9e76-aedbc82411cd\/adulteracao.jpeg\" data-image=\"106870\" src=\"data:image\/svg+xml;base64,PHN2ZyB3aWR0aD0iMSIgaGVpZ2h0PSIxIiB4bWxucz0iaHR0cDovL3d3dy53My5vcmcvMjAwMC9zdmciPjwvc3ZnPg==\" class=\"lazyload\" \/><\/figure>\n<p>A DRFVC constatou que o documento do ve\u00edculo foi roubado no estado de Pernambuco, em maio.\u00a0Durante a a\u00e7\u00e3o, um homem identificado como Elison de Freitas Tavares foi preso. Ele informou ter adquirido o ve\u00edculo e sabia da proced\u00eancia il\u00edcita do ve\u00edculo, mas n\u00e3o colaborou com as investiga\u00e7\u00f5es, manifestando seu direito ao sil\u00eancio.<\/p>\n<figure><img decoding=\"async\" data-src=\"https:\/\/www.clickpb.com.br\/media\/filer_public\/6d\/07\/6d0712e1-9ee3-44d2-9c3f-1241cadda758\/carro_roubado.jpeg\" data-image=\"106871\" src=\"data:image\/svg+xml;base64,PHN2ZyB3aWR0aD0iMSIgaGVpZ2h0PSIxIiB4bWxucz0iaHR0cDovL3d3dy53My5vcmcvMjAwMC9zdmciPjwvc3ZnPg==\" class=\"lazyload\" \/><\/figure>\n<p>Elison\u00a0de 29 anos foi preso pelos crimes de recepta\u00e7\u00e3o, falsidade ideol\u00f3gica, adultera\u00e7\u00e3o de sinal identificador de ve\u00edculo\u00a0e permanecer\u00e1 na carceragem da central de pol\u00edcia, aguardando a realiza\u00e7\u00e3o da audi\u00eancia de custodia.<\/p>\n<p>Click PB<\/p>\n","protected":false},"excerpt":{"rendered":"<p>Pol\u00edcia Civil da Para\u00edba, atrav\u00e9s da Delegacia de Roubos e Furtos de Ve\u00edculos e Cargas (DRFVC), localizou, na manh\u00e3 deste s\u00e1bado (10), um ve\u00edculo roubado&hellip; <\/p>\n","protected":false},"author":1,"featured_media":72258,"comment_status":"closed","ping_status":"closed","sticky":false,"template":"","format":"standard","meta":{"sfsi_plus_gutenberg_text_before_share":"","sfsi_plus_gutenberg_show_text_before_share":"","sfsi_plus_gutenberg_icon_type":"","sfsi_plus_gutenberg_icon_alignemt":"","sfsi_plus_gutenburg_max_per_row":"","footnotes":""},"categories":[12],"tags":[],"class_list":["post-72253","post","type-post","status-publish","format-standard","has-post-thumbnail","hentry","category-policia"],"_links":{"self":[{"href":"https:\/\/www.caririemacao.com\/1\/wp-json\/wp\/v2\/posts\/72253","targetHints":{"allow":["GET"]}}],"collection":[{"href":"https:\/\/www.caririemacao.com\/1\/wp-json\/wp\/v2\/posts"}],"about":[{"href":"https:\/\/www.caririemacao.com\/1\/wp-json\/wp\/v2\/types\/post"}],"author":[{"embeddable":true,"href":"https:\/\/www.caririemacao.com\/1\/wp-json\/wp\/v2\/users\/1"}],"replies":[{"embeddable":true,"href":"https:\/\/www.caririemacao.com\/1\/wp-json\/wp\/v2\/comments?post=72253"}],"version-history":[{"count":1,"href":"https:\/\/www.caririemacao.com\/1\/wp-json\/wp\/v2\/posts\/72253\/revisions"}],"predecessor-version":[{"id":72259,"href":"https:\/\/www.caririemacao.com\/1\/wp-json\/wp\/v2\/posts\/72253\/revisions\/72259"}],"wp:featuredmedia":[{"embeddable":true,"href":"https:\/\/www.caririemacao.com\/1\/wp-json\/wp\/v2\/media\/72258"}],"wp:attachment":[{"href":"https:\/\/www.caririemacao.com\/1\/wp-json\/wp\/v2\/media?parent=72253"}],"wp:term":[{"taxonomy":"category","embeddable":true,"href":"https:\/\/www.caririemacao.com\/1\/wp-json\/wp\/v2\/categories?post=72253"},{"taxonomy":"post_tag","embeddable":true,"href":"https:\/\/www.caririemacao.com\/1\/wp-json\/wp\/v2\/tags?post=72253"}],"curies":[{"name":"wp","href":"https:\/\/api.w.org\/{rel}","templated":true}]}}