{"id":72294,"date":"2018-11-10T17:18:21","date_gmt":"2018-11-10T20:18:21","guid":{"rendered":"http:\/\/www.caririemacao.com\/1\/?p=72294"},"modified":"2018-11-10T17:18:21","modified_gmt":"2018-11-10T20:18:21","slug":"julian-lemos-nega-encontro-de-joao-com-bolsonaro-e-garante-mais-surpresas-do-novo-governo","status":"publish","type":"post","link":"https:\/\/www.caririemacao.com\/1\/2018\/11\/10\/julian-lemos-nega-encontro-de-joao-com-bolsonaro-e-garante-mais-surpresas-do-novo-governo\/","title":{"rendered":"Julian Lemos nega encontro de Jo\u00e3o com Bolsonaro e garante mais surpresas do novo governo"},"content":{"rendered":"<p>O deputado federal eleito Julian Lemos (PSL) negou, nesta sexta-feira (9), o encontro do presidente eleito Jair Bolsonaro (PSL) com o governador eleito da Para\u00edba Jo\u00e3o Azev\u00eado (PSB). Segundo o l\u00edder do PSL no estado, a informa\u00e7\u00e3o n\u00e3o passa de uma especula\u00e7\u00e3o da imprensa, iniciada por uma ideia de Jo\u00e3o Doria (PSDB), ex-prefeito e governador eleito de S\u00e3o Paulo. Julian, todavia, afirmou que as portas est\u00e3o abertas e que a qualquer momento que Jo\u00e3o Azev\u00eado quiser, ele pode lev\u00e1-lo at\u00e9 Bolsonaro.<\/p>\n<p>\u201cEssa reuni\u00e3o nem existe, a ideia foi de Doria. Mas eu posso levar a qualquer momento o governador l\u00e1. Eu n\u00e3o quero saber\u00a0de oposi\u00e7\u00e3o, quero o melhor para a Para\u00edba\u201d, explicou.<\/p>\n<p>Julian Lemos tamb\u00e9m contou que os pr\u00f3ximos an\u00fancios do governo de Bolsonaro v\u00e3o \u201chorrorizar at\u00e9 o petista mais fiel\u201d. Ele definiu como \u201calgo assustador\u201d o que foi identificado nas an\u00e1lises feitas durante os primeiros dias do governo de transi\u00e7\u00e3o. \u201cMuitas obras iniciadas e muito\u00a0desperd\u00edcio de dinheiro\u201d, disse.<\/p>\n<p>Ao ser questionado se ele ser\u00e1 o nome que liderar\u00e1 o governo Bolsonaro na C\u00e2mara, Julian afirmou que ningu\u00e9m sabe ainda. \u201cVeicularam isso, mas pelo visto est\u00e3o sabendo mais que eu e o presidente\u201d, concluiu.<\/p>\n<p>Blog do Gordinho<\/p>\n","protected":false},"excerpt":{"rendered":"<p>O deputado federal eleito Julian Lemos (PSL) negou, nesta sexta-feira (9), o encontro do presidente eleito Jair Bolsonaro (PSL) com o governador eleito da Para\u00edba&hellip; <\/p>\n","protected":false},"author":1,"featured_media":72296,"comment_status":"closed","ping_status":"closed","sticky":false,"template":"","format":"standard","meta":{"sfsi_plus_gutenberg_text_before_share":"","sfsi_plus_gutenberg_show_text_before_share":"","sfsi_plus_gutenberg_icon_type":"","sfsi_plus_gutenberg_icon_alignemt":"","sfsi_plus_gutenburg_max_per_row":"","footnotes":""},"categories":[11],"tags":[],"class_list":["post-72294","post","type-post","status-publish","format-standard","has-post-thumbnail","hentry","category-politica"],"_links":{"self":[{"href":"https:\/\/www.caririemacao.com\/1\/wp-json\/wp\/v2\/posts\/72294","targetHints":{"allow":["GET"]}}],"collection":[{"href":"https:\/\/www.caririemacao.com\/1\/wp-json\/wp\/v2\/posts"}],"about":[{"href":"https:\/\/www.caririemacao.com\/1\/wp-json\/wp\/v2\/types\/post"}],"author":[{"embeddable":true,"href":"https:\/\/www.caririemacao.com\/1\/wp-json\/wp\/v2\/users\/1"}],"replies":[{"embeddable":true,"href":"https:\/\/www.caririemacao.com\/1\/wp-json\/wp\/v2\/comments?post=72294"}],"version-history":[{"count":1,"href":"https:\/\/www.caririemacao.com\/1\/wp-json\/wp\/v2\/posts\/72294\/revisions"}],"predecessor-version":[{"id":72297,"href":"https:\/\/www.caririemacao.com\/1\/wp-json\/wp\/v2\/posts\/72294\/revisions\/72297"}],"wp:featuredmedia":[{"embeddable":true,"href":"https:\/\/www.caririemacao.com\/1\/wp-json\/wp\/v2\/media\/72296"}],"wp:attachment":[{"href":"https:\/\/www.caririemacao.com\/1\/wp-json\/wp\/v2\/media?parent=72294"}],"wp:term":[{"taxonomy":"category","embeddable":true,"href":"https:\/\/www.caririemacao.com\/1\/wp-json\/wp\/v2\/categories?post=72294"},{"taxonomy":"post_tag","embeddable":true,"href":"https:\/\/www.caririemacao.com\/1\/wp-json\/wp\/v2\/tags?post=72294"}],"curies":[{"name":"wp","href":"https:\/\/api.w.org\/{rel}","templated":true}]}}