{"id":72311,"date":"2018-11-10T18:11:42","date_gmt":"2018-11-10T21:11:42","guid":{"rendered":"http:\/\/www.caririemacao.com\/1\/?p=72311"},"modified":"2018-11-10T18:11:42","modified_gmt":"2018-11-10T21:11:42","slug":"policia-prende-acusado-e-recupera-objetos-furtados-de-igreja-no-cariri","status":"publish","type":"post","link":"https:\/\/www.caririemacao.com\/1\/2018\/11\/10\/policia-prende-acusado-e-recupera-objetos-furtados-de-igreja-no-cariri\/","title":{"rendered":"Pol\u00edcia prende acusado e recupera objetos furtados de igreja no Cariri"},"content":{"rendered":"<p>A Pol\u00edcia Militar prendeu neste s\u00e1bado (10), um homem acusado de furtar objetos da Igreja Cat\u00f3lica do munic\u00edpio do Congo, no Cariri paraibano. A a\u00e7\u00e3o criminosa ocorreu entre a noite da quinta-feira (08), e madrugada desta sexta-feira (09).<\/p>\n<p>Al\u00e9m da pris\u00e3o do acusado, os policiais recuperaram os objetos roubados da igreja, que estavam em posse do homem. O acusado j\u00e1 tem passagens pela pol\u00edcia.<\/p>\n","protected":false},"excerpt":{"rendered":"<p>A Pol\u00edcia Militar prendeu neste s\u00e1bado (10), um homem acusado de furtar objetos da Igreja Cat\u00f3lica do munic\u00edpio do Congo, no Cariri paraibano. A a\u00e7\u00e3o&hellip; <\/p>\n","protected":false},"author":1,"featured_media":18430,"comment_status":"closed","ping_status":"closed","sticky":false,"template":"","format":"standard","meta":{"sfsi_plus_gutenberg_text_before_share":"","sfsi_plus_gutenberg_show_text_before_share":"","sfsi_plus_gutenberg_icon_type":"","sfsi_plus_gutenberg_icon_alignemt":"","sfsi_plus_gutenburg_max_per_row":"","footnotes":""},"categories":[12],"tags":[],"class_list":["post-72311","post","type-post","status-publish","format-standard","has-post-thumbnail","hentry","category-policia"],"_links":{"self":[{"href":"https:\/\/www.caririemacao.com\/1\/wp-json\/wp\/v2\/posts\/72311","targetHints":{"allow":["GET"]}}],"collection":[{"href":"https:\/\/www.caririemacao.com\/1\/wp-json\/wp\/v2\/posts"}],"about":[{"href":"https:\/\/www.caririemacao.com\/1\/wp-json\/wp\/v2\/types\/post"}],"author":[{"embeddable":true,"href":"https:\/\/www.caririemacao.com\/1\/wp-json\/wp\/v2\/users\/1"}],"replies":[{"embeddable":true,"href":"https:\/\/www.caririemacao.com\/1\/wp-json\/wp\/v2\/comments?post=72311"}],"version-history":[{"count":1,"href":"https:\/\/www.caririemacao.com\/1\/wp-json\/wp\/v2\/posts\/72311\/revisions"}],"predecessor-version":[{"id":72314,"href":"https:\/\/www.caririemacao.com\/1\/wp-json\/wp\/v2\/posts\/72311\/revisions\/72314"}],"wp:featuredmedia":[{"embeddable":true,"href":"https:\/\/www.caririemacao.com\/1\/wp-json\/wp\/v2\/media\/18430"}],"wp:attachment":[{"href":"https:\/\/www.caririemacao.com\/1\/wp-json\/wp\/v2\/media?parent=72311"}],"wp:term":[{"taxonomy":"category","embeddable":true,"href":"https:\/\/www.caririemacao.com\/1\/wp-json\/wp\/v2\/categories?post=72311"},{"taxonomy":"post_tag","embeddable":true,"href":"https:\/\/www.caririemacao.com\/1\/wp-json\/wp\/v2\/tags?post=72311"}],"curies":[{"name":"wp","href":"https:\/\/api.w.org\/{rel}","templated":true}]}}