{"id":72315,"date":"2018-11-10T18:18:54","date_gmt":"2018-11-10T21:18:54","guid":{"rendered":"http:\/\/www.caririemacao.com\/1\/?p=72315"},"modified":"2018-11-10T18:18:54","modified_gmt":"2018-11-10T21:18:54","slug":"conta-de-luz-deve-ter-bandeira-amarela-ou-verde-em-dezembro","status":"publish","type":"post","link":"https:\/\/www.caririemacao.com\/1\/2018\/11\/10\/conta-de-luz-deve-ter-bandeira-amarela-ou-verde-em-dezembro\/","title":{"rendered":"Conta de luz deve ter bandeira amarela ou verde em dezembro"},"content":{"rendered":"<p>Devido aos \u00edndices de chuva no Brasil dentro da expectativa para o m\u00eas de outubro, a bandeira tarif\u00e1ria da conta de energia el\u00e9trica para dezembro dificilmente retornar\u00e1 para a bandeira vermelha, disse o diretor-geral da Ag\u00eancia Nacional de Energia El\u00e9trica (Aneel), Andr\u00e9 Pepitone. \u201cReverter acho dif\u00edcil, no pior est\u00e1gio seria manter a amarela\u201d, disse.<\/p>\n<p>A Aneel pode inclusive analisar a possibilidade de adotar a bandeira verde no pr\u00f3ximo m\u00eas. \u00a0O estudo levar\u00e1 em conta a melhora nos n\u00edveis dos reservat\u00f3rios diante da quantidade de chuva no Brasil durante novembro. Segundo o diretor-geral do \u00f3rg\u00e3o regulador, Andr\u00e9 Pepitone, \u00e9 preciso aguardar mais um pouco para avaliar alguns fatores que influenciam o modelo que determina a escolha da cor da bandeira.<\/p>\n<p>Entre os fatores est\u00e1 o n\u00edvel de armazenamento e o GSF- fator que mede o n\u00edvel entre a energia produzida pelos geradores do Mecanismo de Realoca\u00e7\u00e3o de Energia (MRE) e a soma das garantias f\u00edsicas deles. \u00c9 com este fator que se avalia quanta energia ser\u00e1 alocada em cada usina.<\/p>\n<p>Conforme o diretor-geral, as chuvas est\u00e3o boas e dentro das expectativas, ainda assim \u00e9 preciso esperar, porque est\u00e1 no come\u00e7o do m\u00eas, mas ele acrescentou que o progn\u00f3stico \u00e9 bom. \u201cDe acordo com o cen\u00e1rio h\u00eddrico que estamos vivenciando hoje ele se apresenta favor\u00e1vel, mas temos que aguardar para n\u00e3o fazer um exerc\u00edcio de futurologia\u201d, disse.<\/p>\n<p>Pepitone estimou que ap\u00f3s o dia 20 ser\u00e1 poss\u00edvel \u201cter uma sensibilidade com grande precis\u00e3o\u201d para definir a cor da bandeira. O diretor-geral da Aneel participou do 8\u00ba Semin\u00e1rio sobre Matriz e Seguran\u00e7a Energ\u00e9tica Brasileira e do 14\u00ba Brazil Energy and Power, organizados pela Funda\u00e7\u00e3o Getulio Vargas (FGV) e pela C\u00e2mara de Com\u00e9rcio Americana do Rio de Janeiro (AmCham Rio).<\/p>\n<h2>Chuvas<\/h2>\n<p>O diretor-geral do Operador Nacional do Sistema El\u00e9trico (ONS), Luiz Eduardo Barata, disse que est\u00e1 muito feliz com a quantidade de chuva. Segundo Barata, at\u00e9 setembro as condi\u00e7\u00f5es clim\u00e1ticas eram muito ruins tanto no Nordeste como no Centro-Oeste e no Sudeste. O quadro come\u00e7ou a mudar em outubro.<\/p>\n<p>Para novembro, as expectativas dos institutos de clima apontam para boa quantidade de chuva no Rio Parana\u00edba, o que deve melhorar tamb\u00e9m as condi\u00e7\u00f5es no Rio Tocantins. \u201cDeve come\u00e7ar a subir tamb\u00e9m as usinas do Rio Tocantins e mais para a frente a sinaliza\u00e7\u00e3o \u00e9 que os rios do Norte, Madeira e Xingu, tamb\u00e9m v\u00e3o ter uma condi\u00e7\u00e3o boa\u201d, disse, ap\u00f3s participar do encontro de energia.<\/p>\n<p>Outra previs\u00e3o que anima Barata \u00e9 o fen\u00f4meno El Ni\u00f1o entre moderado e fraco. De acordo com o diretor-geral do ONS, isso \u00e9 positivo, porque deve vir acompanhado de chuva na m\u00e9dia ou pouco acima disso no Nordeste, enquanto na Regi\u00e3o Sul a previs\u00e3o \u00e9 de chuva intensa.<\/p>\n<p>\u201cQuando est\u00e1vamos em setembro a nossa perspectiva era terminar o per\u00edodo seco na faixa dos 14% ou 15% [dos reservat\u00f3rios] no Sudeste. No Nordeste, a previs\u00e3o era terminar acima de 20%, n\u00e3o por causa da chuva, mas principalmente por causa da estrat\u00e9gia de controle de vaz\u00e3o. No Sudeste, estamos entre 19% e 20%, principalmente porque continua chovendo e de forma abundante na Regi\u00e3o Sul. Se n\u00f3s v\u00ednhamos em junho, julho, agosto e setembro com o fluxo de energia da Regi\u00e3o Sudeste para a Regi\u00e3o Sul, a partir de outubro passamos a ter o fluxo do Sul para o Sudeste. Esse \u00e9 que foi o grande diferencial\u201d, disse.<\/p>\n<p>Ag\u00eancia Brasil<\/p>\n","protected":false},"excerpt":{"rendered":"<p>Devido aos \u00edndices de chuva no Brasil dentro da expectativa para o m\u00eas de outubro, a bandeira tarif\u00e1ria da conta de energia el\u00e9trica para dezembro&hellip; <\/p>\n","protected":false},"author":1,"featured_media":49306,"comment_status":"closed","ping_status":"closed","sticky":false,"template":"","format":"standard","meta":{"sfsi_plus_gutenberg_text_before_share":"","sfsi_plus_gutenberg_show_text_before_share":"","sfsi_plus_gutenberg_icon_type":"","sfsi_plus_gutenberg_icon_alignemt":"","sfsi_plus_gutenburg_max_per_row":"","footnotes":""},"categories":[2],"tags":[],"class_list":["post-72315","post","type-post","status-publish","format-standard","has-post-thumbnail","hentry","category-geral"],"_links":{"self":[{"href":"https:\/\/www.caririemacao.com\/1\/wp-json\/wp\/v2\/posts\/72315","targetHints":{"allow":["GET"]}}],"collection":[{"href":"https:\/\/www.caririemacao.com\/1\/wp-json\/wp\/v2\/posts"}],"about":[{"href":"https:\/\/www.caririemacao.com\/1\/wp-json\/wp\/v2\/types\/post"}],"author":[{"embeddable":true,"href":"https:\/\/www.caririemacao.com\/1\/wp-json\/wp\/v2\/users\/1"}],"replies":[{"embeddable":true,"href":"https:\/\/www.caririemacao.com\/1\/wp-json\/wp\/v2\/comments?post=72315"}],"version-history":[{"count":1,"href":"https:\/\/www.caririemacao.com\/1\/wp-json\/wp\/v2\/posts\/72315\/revisions"}],"predecessor-version":[{"id":72320,"href":"https:\/\/www.caririemacao.com\/1\/wp-json\/wp\/v2\/posts\/72315\/revisions\/72320"}],"wp:featuredmedia":[{"embeddable":true,"href":"https:\/\/www.caririemacao.com\/1\/wp-json\/wp\/v2\/media\/49306"}],"wp:attachment":[{"href":"https:\/\/www.caririemacao.com\/1\/wp-json\/wp\/v2\/media?parent=72315"}],"wp:term":[{"taxonomy":"category","embeddable":true,"href":"https:\/\/www.caririemacao.com\/1\/wp-json\/wp\/v2\/categories?post=72315"},{"taxonomy":"post_tag","embeddable":true,"href":"https:\/\/www.caririemacao.com\/1\/wp-json\/wp\/v2\/tags?post=72315"}],"curies":[{"name":"wp","href":"https:\/\/api.w.org\/{rel}","templated":true}]}}