{"id":72328,"date":"2018-11-10T20:58:46","date_gmt":"2018-11-10T23:58:46","guid":{"rendered":"http:\/\/www.caririemacao.com\/1\/?p=72328"},"modified":"2018-11-10T21:22:32","modified_gmt":"2018-11-11T00:22:32","slug":"marta-sera-nova-presidente-da-camara-de-ouro-velho","status":"publish","type":"post","link":"https:\/\/www.caririemacao.com\/1\/2018\/11\/10\/marta-sera-nova-presidente-da-camara-de-ouro-velho\/","title":{"rendered":"Marta ser\u00e1 a nova presidente da C\u00e2mara de Ouro Velho"},"content":{"rendered":"<p>Em reuni\u00e3o realizada neste s\u00e1bado, dia 10, o grupo pol\u00edtico liderado pelo m\u00e9dico Dr. J\u00fanior, decidiu por pelo nome da vereadora Marta para ser a nova presidente da C\u00e2mara Municipal de Ouro Velho.<\/p>\n<p>Segundo Dr. J\u00fanior, a reuni\u00e3o foi bastante positiva e por 7 votos ficou definido a elei\u00e7\u00e3o de Marta.<\/p>\n<p>A elei\u00e7\u00e3o ser\u00e1 no dia\u00a023 de novembro, informou o presidente Erivonaldo Lopes.<\/p>\n","protected":false},"excerpt":{"rendered":"<p>Em reuni\u00e3o realizada neste s\u00e1bado, dia 10, o grupo pol\u00edtico liderado pelo m\u00e9dico Dr. J\u00fanior, decidiu por pelo nome da vereadora Marta para ser a&hellip; <\/p>\n","protected":false},"author":1,"featured_media":72329,"comment_status":"closed","ping_status":"closed","sticky":false,"template":"","format":"standard","meta":{"sfsi_plus_gutenberg_text_before_share":"","sfsi_plus_gutenberg_show_text_before_share":"","sfsi_plus_gutenberg_icon_type":"","sfsi_plus_gutenberg_icon_alignemt":"","sfsi_plus_gutenburg_max_per_row":"","footnotes":""},"categories":[11],"tags":[],"class_list":["post-72328","post","type-post","status-publish","format-standard","has-post-thumbnail","hentry","category-politica"],"_links":{"self":[{"href":"https:\/\/www.caririemacao.com\/1\/wp-json\/wp\/v2\/posts\/72328","targetHints":{"allow":["GET"]}}],"collection":[{"href":"https:\/\/www.caririemacao.com\/1\/wp-json\/wp\/v2\/posts"}],"about":[{"href":"https:\/\/www.caririemacao.com\/1\/wp-json\/wp\/v2\/types\/post"}],"author":[{"embeddable":true,"href":"https:\/\/www.caririemacao.com\/1\/wp-json\/wp\/v2\/users\/1"}],"replies":[{"embeddable":true,"href":"https:\/\/www.caririemacao.com\/1\/wp-json\/wp\/v2\/comments?post=72328"}],"version-history":[{"count":3,"href":"https:\/\/www.caririemacao.com\/1\/wp-json\/wp\/v2\/posts\/72328\/revisions"}],"predecessor-version":[{"id":72340,"href":"https:\/\/www.caririemacao.com\/1\/wp-json\/wp\/v2\/posts\/72328\/revisions\/72340"}],"wp:featuredmedia":[{"embeddable":true,"href":"https:\/\/www.caririemacao.com\/1\/wp-json\/wp\/v2\/media\/72329"}],"wp:attachment":[{"href":"https:\/\/www.caririemacao.com\/1\/wp-json\/wp\/v2\/media?parent=72328"}],"wp:term":[{"taxonomy":"category","embeddable":true,"href":"https:\/\/www.caririemacao.com\/1\/wp-json\/wp\/v2\/categories?post=72328"},{"taxonomy":"post_tag","embeddable":true,"href":"https:\/\/www.caririemacao.com\/1\/wp-json\/wp\/v2\/tags?post=72328"}],"curies":[{"name":"wp","href":"https:\/\/api.w.org\/{rel}","templated":true}]}}