{"id":72332,"date":"2018-11-10T21:10:44","date_gmt":"2018-11-11T00:10:44","guid":{"rendered":"http:\/\/www.caririemacao.com\/1\/?p=72332"},"modified":"2018-11-10T21:14:00","modified_gmt":"2018-11-11T00:14:00","slug":"em-sao-do-cariri-presidente-do-psb-comemora-adesao-de-ex-aliado-de-chico-de-eulina","status":"publish","type":"post","link":"https:\/\/www.caririemacao.com\/1\/2018\/11\/10\/em-sao-do-cariri-presidente-do-psb-comemora-adesao-de-ex-aliado-de-chico-de-eulina\/","title":{"rendered":"Em S\u00e3o Jo\u00e3o do Cariri: presidente do PSB comemora ades\u00e3o de ex-aliado de Chico de Eulina"},"content":{"rendered":"<p>O vereador e presidente do PSB de S\u00e3o do Cariri, George Aquino, comemorou a chegada do suplente de vereador, Adailton Silva, ao grupo do PSB, que representa o projeto pol\u00edtico do governador Ricardo Coutinho e do governador eleito, Jo\u00e3o Azev\u00eado.<\/p>\n<p>Adailton \u00a0era aliado do ex-candidato a prefeito, Chico de Uelina, que concorreu a prefeitura da cidade nas elei\u00e7\u00f5es de 2016.<\/p>\n<p>George se reuniu com Adailton na \u00faltima sexta-feira (9) e comemorou a chegada do l\u00edder comunit\u00e1rio do S\u00edtio Lucas. \u201cAdailton est\u00e1 no lugar correto\u201d, expressou George.<\/p>\n<p><strong>Blog do Bruno Lira<\/strong><\/p>\n<p>&nbsp;<\/p>\n","protected":false},"excerpt":{"rendered":"<p>O vereador e presidente do PSB de S\u00e3o do Cariri, George Aquino, comemorou a chegada do suplente de vereador, Adailton Silva, ao grupo do PSB,&hellip; <\/p>\n","protected":false},"author":1,"featured_media":72333,"comment_status":"closed","ping_status":"closed","sticky":false,"template":"","format":"standard","meta":{"sfsi_plus_gutenberg_text_before_share":"","sfsi_plus_gutenberg_show_text_before_share":"","sfsi_plus_gutenberg_icon_type":"","sfsi_plus_gutenberg_icon_alignemt":"","sfsi_plus_gutenburg_max_per_row":"","footnotes":""},"categories":[11],"tags":[],"class_list":["post-72332","post","type-post","status-publish","format-standard","has-post-thumbnail","hentry","category-politica"],"_links":{"self":[{"href":"https:\/\/www.caririemacao.com\/1\/wp-json\/wp\/v2\/posts\/72332","targetHints":{"allow":["GET"]}}],"collection":[{"href":"https:\/\/www.caririemacao.com\/1\/wp-json\/wp\/v2\/posts"}],"about":[{"href":"https:\/\/www.caririemacao.com\/1\/wp-json\/wp\/v2\/types\/post"}],"author":[{"embeddable":true,"href":"https:\/\/www.caririemacao.com\/1\/wp-json\/wp\/v2\/users\/1"}],"replies":[{"embeddable":true,"href":"https:\/\/www.caririemacao.com\/1\/wp-json\/wp\/v2\/comments?post=72332"}],"version-history":[{"count":2,"href":"https:\/\/www.caririemacao.com\/1\/wp-json\/wp\/v2\/posts\/72332\/revisions"}],"predecessor-version":[{"id":72336,"href":"https:\/\/www.caririemacao.com\/1\/wp-json\/wp\/v2\/posts\/72332\/revisions\/72336"}],"wp:featuredmedia":[{"embeddable":true,"href":"https:\/\/www.caririemacao.com\/1\/wp-json\/wp\/v2\/media\/72333"}],"wp:attachment":[{"href":"https:\/\/www.caririemacao.com\/1\/wp-json\/wp\/v2\/media?parent=72332"}],"wp:term":[{"taxonomy":"category","embeddable":true,"href":"https:\/\/www.caririemacao.com\/1\/wp-json\/wp\/v2\/categories?post=72332"},{"taxonomy":"post_tag","embeddable":true,"href":"https:\/\/www.caririemacao.com\/1\/wp-json\/wp\/v2\/tags?post=72332"}],"curies":[{"name":"wp","href":"https:\/\/api.w.org\/{rel}","templated":true}]}}