{"id":72337,"date":"2018-11-10T21:15:46","date_gmt":"2018-11-11T00:15:46","guid":{"rendered":"http:\/\/www.caririemacao.com\/1\/?p=72337"},"modified":"2018-11-10T21:15:46","modified_gmt":"2018-11-11T00:15:46","slug":"saiba-o-que-levar-e-nao-levar-para-o-segundo-dia-de-prova-do-enem","status":"publish","type":"post","link":"https:\/\/www.caririemacao.com\/1\/2018\/11\/10\/saiba-o-que-levar-e-nao-levar-para-o-segundo-dia-de-prova-do-enem\/","title":{"rendered":"Saiba o que levar e n\u00e3o levar para o segundo dia de prova do Enem"},"content":{"rendered":"<p>As provas do Enem 2018 voltam a ser aplicadas neste domingo (11). Os candidatos v\u00e3o responder as quest\u00f5es sobre ci\u00eancias da natureza e matem\u00e1tica. Ao todo, 5.513.726 estudantes est\u00e3o inscritos. No \u00faltimo domingo (4), 4,1 milh\u00f5es de estudantes fizeram o exame, registrando-se o menor percentual de faltosos desde 2009 \u2013 24,9% do total de 5,5 milh\u00f5es de inscritos. Foram aplicadas provas de linguagem, ci\u00eancias humanas e reda\u00e7\u00e3o.<\/p>\n<p><strong>O que pode levar<\/strong><\/p>\n<p><strong>\u2013 Documento oficial e caneta:<\/strong>\u00a0os participantes dever\u00e3o levar um documento oficial de identifica\u00e7\u00e3o original, com foto e caneta esferogr\u00e1fica de tinta preta, fabricada em material transparente. Os dois itens s\u00e3o os \u00fanicos obrigat\u00f3rios para o exame.<\/p>\n<p>Os documentos v\u00e1lidos s\u00e3o as carteiras de Identidade expedidas por secretarias de Seguran\u00e7a P\u00fablica, pelas For\u00e7as Armadas, pela Pol\u00edcia Militar e Pol\u00edcia Federal; Carteira de Trabalho e Previd\u00eancia Social; passaporte; Carteira Nacional de Habilita\u00e7\u00e3o, com fotografia e identidade funcional. Outros documentos espec\u00edficos podem ser consultados na p\u00e1gina do Enem.<\/p>\n<p><strong>\u2013 Lanche:<\/strong>\u00a0os estudantes podem levar um lanche. Caso seja caseiro e n\u00e3o esteja embrulhado em material transparente como papel filme, ele ser\u00e1 fiscalizado antes de ser liberado.<\/p>\n<p><strong>\u2013 Cart\u00e3o de Confirma\u00e7\u00e3o:<\/strong>\u00a0\u00e9 aconselh\u00e1vel levar o Cart\u00e3o de Confirma\u00e7\u00e3o de Inscri\u00e7\u00e3o impresso. No cart\u00e3o constam o local de prova do estudante, al\u00e9m da op\u00e7\u00e3o de l\u00edngua estrangeira escolhida e, se for o caso, atendimento espec\u00edfico ou especializado solicitado. O cart\u00e3o pode ser acessado na P\u00e1gina do Participante ou pelo aplicativodo Enem 2018, dispon\u00edvel para download na App Store e na Google Play. \u00c9 preciso informar o CPF e a senha cadastrada na inscri\u00e7\u00e3o.<\/p>\n<p><strong>\u2013 Declara\u00e7\u00e3o de Comparecimento:<\/strong>\u00a0os estudantes poder\u00e3o levar tamb\u00e9m a Declara\u00e7\u00e3o de Comparecimento impressa para assinatura do chefe de Sala, caso precise do documento para justificar, por exemplo, falta no trabalho. A declara\u00e7\u00e3o est\u00e1 dispon\u00edvel tamb\u00e9m na P\u00e1gina do Participante.<br \/>\nO que n\u00e3o pode levar<\/p>\n<p><strong>\u2013 Itens proibidos no Enem:<\/strong>\u00a0borracha; caneta de material n\u00e3o transparente; corretivo; dispositivos eletr\u00f4nicos, como wearable tech, calculadoras, agendas eletr\u00f4nicas, telefones celulares, smartphones, tablets, ipods, gravadores, pen drive, mp3, rel\u00f3gio e alarmes; fones de ouvido ou qualquer transmissor, gravador ou receptor de dados imagens, v\u00eddeos e mensagens; impressos e anota\u00e7\u00f5es; l\u00e1pis; lapiseira; livros e manuais.<\/p>\n<p>\u2013 Antes de entrar na sala de prova, os participantes dever\u00e3o guardar no envelope porta-objetos, fornecido pelo aplicador, o telefone celular e quaisquer outros equipamentos eletr\u00f4nicos desligados. Tamb\u00e9m dever\u00e3o ser guardados todos os itens proibidos no Enem.<\/p>\n<p>\u2013 Segundo o Inep, o envelope porta-objetos dever\u00e1 ser lacrado e identificado pelo participante antes de ingressar na sala de provas, e ser mantido at\u00e9 a sa\u00edda definitiva do local de provas debaixo da carteira durante a realiza\u00e7\u00e3o das provas.<\/p>\n<p>\u2013 Carteiras de identidade digitais n\u00e3o poder\u00e3o ser usadas no exame. Isso porque haver\u00e1 tr\u00eas checagens de identidade e uma delas ocorrer\u00e1 durante a prova, quando o uso do celular \u00e9 proibido.<\/p>\n<p>&nbsp;<\/p>\n","protected":false},"excerpt":{"rendered":"<p>As provas do Enem 2018 voltam a ser aplicadas neste domingo (11). Os candidatos v\u00e3o responder as quest\u00f5es sobre ci\u00eancias da natureza e matem\u00e1tica. Ao&hellip; <\/p>\n","protected":false},"author":1,"featured_media":68697,"comment_status":"closed","ping_status":"closed","sticky":false,"template":"","format":"standard","meta":{"sfsi_plus_gutenberg_text_before_share":"","sfsi_plus_gutenberg_show_text_before_share":"","sfsi_plus_gutenberg_icon_type":"","sfsi_plus_gutenberg_icon_alignemt":"","sfsi_plus_gutenburg_max_per_row":"","footnotes":""},"categories":[2],"tags":[],"class_list":["post-72337","post","type-post","status-publish","format-standard","has-post-thumbnail","hentry","category-geral"],"_links":{"self":[{"href":"https:\/\/www.caririemacao.com\/1\/wp-json\/wp\/v2\/posts\/72337","targetHints":{"allow":["GET"]}}],"collection":[{"href":"https:\/\/www.caririemacao.com\/1\/wp-json\/wp\/v2\/posts"}],"about":[{"href":"https:\/\/www.caririemacao.com\/1\/wp-json\/wp\/v2\/types\/post"}],"author":[{"embeddable":true,"href":"https:\/\/www.caririemacao.com\/1\/wp-json\/wp\/v2\/users\/1"}],"replies":[{"embeddable":true,"href":"https:\/\/www.caririemacao.com\/1\/wp-json\/wp\/v2\/comments?post=72337"}],"version-history":[{"count":1,"href":"https:\/\/www.caririemacao.com\/1\/wp-json\/wp\/v2\/posts\/72337\/revisions"}],"predecessor-version":[{"id":72338,"href":"https:\/\/www.caririemacao.com\/1\/wp-json\/wp\/v2\/posts\/72337\/revisions\/72338"}],"wp:featuredmedia":[{"embeddable":true,"href":"https:\/\/www.caririemacao.com\/1\/wp-json\/wp\/v2\/media\/68697"}],"wp:attachment":[{"href":"https:\/\/www.caririemacao.com\/1\/wp-json\/wp\/v2\/media?parent=72337"}],"wp:term":[{"taxonomy":"category","embeddable":true,"href":"https:\/\/www.caririemacao.com\/1\/wp-json\/wp\/v2\/categories?post=72337"},{"taxonomy":"post_tag","embeddable":true,"href":"https:\/\/www.caririemacao.com\/1\/wp-json\/wp\/v2\/tags?post=72337"}],"curies":[{"name":"wp","href":"https:\/\/api.w.org\/{rel}","templated":true}]}}