{"id":72350,"date":"2018-11-10T21:58:40","date_gmt":"2018-11-11T00:58:40","guid":{"rendered":"http:\/\/www.caririemacao.com\/1\/?p=72350"},"modified":"2018-11-10T21:58:40","modified_gmt":"2018-11-11T00:58:40","slug":"pais-criam-vaquinha-para-custear-cirurgia-de-crianca-com-doenca-rara","status":"publish","type":"post","link":"https:\/\/www.caririemacao.com\/1\/2018\/11\/10\/pais-criam-vaquinha-para-custear-cirurgia-de-crianca-com-doenca-rara\/","title":{"rendered":"Pais criam vaquinha para custear cirurgia de crian\u00e7a com doen\u00e7a rara"},"content":{"rendered":"<p>Calebe Heimar Souto Ramalho \u00e9 uma crian\u00e7a de 9 anos que, apesar da pouca idade, j\u00e1 enfrenta uma das maiores lutas da sua vida. Ele foi diagnosticado aos oito anos com uma doen\u00e7a rara no c\u00e9rebro conhecida por Hamartoma Hipotal\u00e2mica.<\/p>\n<p>A doen\u00e7a rara faz com que Calebe tenha convuls\u00f5es todos os dias e seus neur\u00f4nios sejam mortos podendo deixa-lo com um retardo mental. Segundo o pai de Calebe, o Pastor John Heimar da Igreja Betel Brasileiro, assim que descobriram a doen\u00e7a come\u00e7aram buscar informa\u00e7\u00f5es na internet sobre o diagnostico.<\/p>\n<p>\u201cCome\u00e7amos a pesquisar na internet e encontramos uma fam\u00edlia em que um filho teve a mesma doen\u00e7a. Eles conseguiram realizar a cirurgia da crian\u00e7a em 2016. Entramos em contato com essa fam\u00edlia e conhecemos o Dr. Palmini que \u00e9 um neurocientista e fez a indica\u00e7\u00e3o do procedimento cir\u00fargico que \u00e9 rob\u00f3tico e muito preciso, por\u00e9m, realizada na Fran\u00e7a\u201d, disse.<\/p>\n<p>A fam\u00edlia de Calebe, que mora no bairro do Valentina de Figueiredo, em Jo\u00e3o Pessoa, iniciou na \u00faltima sexta-feira (09) uma vaquinha virtual na Internet. A meta da fam\u00edlia \u00e9 arrecadar R$ 180.000,00 para a cirurgia de Calebe. At\u00e9 este s\u00e1bado (10) a fam\u00edlia j\u00e1 havia arrecadado R$ 1.080,00.<\/p>\n<p>A doa\u00e7\u00f5es podem ser realizadas neste link:\u00a0<a href=\"https:\/\/www.vakinha.com.br\/vaquinha\/todos-por-calebe\">Todos por Calebe<\/a><\/p>\n<p>Para mais informa\u00e7\u00f5es \u00e9 poss\u00edvel seguir o Instagram de @calebeheimar na conta existe uma acompanhamento da\u00a0 campanha \u201cTodos por Calebe\u201d.<\/p>\n<p>Os dep\u00f3sitos, de qualquer quantia, podem ser realizados na Ag\u00eancia: 3501-7 Conta Corrente: 63719-X Titular: Calebe Heimar Souto Ramalho \u2013 Banco do Brasil ou Ag\u00eancia 2340 Conta: 1000760-7 Titular: Calebe Heimar Souto Ramalho \u2013 Banco do Bradesco.<\/p>\n<p><strong>MaisPB<\/strong><\/p>\n","protected":false},"excerpt":{"rendered":"<p>Calebe Heimar Souto Ramalho \u00e9 uma crian\u00e7a de 9 anos que, apesar da pouca idade, j\u00e1 enfrenta uma das maiores lutas da sua vida. Ele&hellip; <\/p>\n","protected":false},"author":1,"featured_media":72355,"comment_status":"closed","ping_status":"closed","sticky":false,"template":"","format":"standard","meta":{"sfsi_plus_gutenberg_text_before_share":"","sfsi_plus_gutenberg_show_text_before_share":"","sfsi_plus_gutenberg_icon_type":"","sfsi_plus_gutenberg_icon_alignemt":"","sfsi_plus_gutenburg_max_per_row":"","footnotes":""},"categories":[16],"tags":[],"class_list":["post-72350","post","type-post","status-publish","format-standard","has-post-thumbnail","hentry","category-saude"],"_links":{"self":[{"href":"https:\/\/www.caririemacao.com\/1\/wp-json\/wp\/v2\/posts\/72350","targetHints":{"allow":["GET"]}}],"collection":[{"href":"https:\/\/www.caririemacao.com\/1\/wp-json\/wp\/v2\/posts"}],"about":[{"href":"https:\/\/www.caririemacao.com\/1\/wp-json\/wp\/v2\/types\/post"}],"author":[{"embeddable":true,"href":"https:\/\/www.caririemacao.com\/1\/wp-json\/wp\/v2\/users\/1"}],"replies":[{"embeddable":true,"href":"https:\/\/www.caririemacao.com\/1\/wp-json\/wp\/v2\/comments?post=72350"}],"version-history":[{"count":1,"href":"https:\/\/www.caririemacao.com\/1\/wp-json\/wp\/v2\/posts\/72350\/revisions"}],"predecessor-version":[{"id":72356,"href":"https:\/\/www.caririemacao.com\/1\/wp-json\/wp\/v2\/posts\/72350\/revisions\/72356"}],"wp:featuredmedia":[{"embeddable":true,"href":"https:\/\/www.caririemacao.com\/1\/wp-json\/wp\/v2\/media\/72355"}],"wp:attachment":[{"href":"https:\/\/www.caririemacao.com\/1\/wp-json\/wp\/v2\/media?parent=72350"}],"wp:term":[{"taxonomy":"category","embeddable":true,"href":"https:\/\/www.caririemacao.com\/1\/wp-json\/wp\/v2\/categories?post=72350"},{"taxonomy":"post_tag","embeddable":true,"href":"https:\/\/www.caririemacao.com\/1\/wp-json\/wp\/v2\/tags?post=72350"}],"curies":[{"name":"wp","href":"https:\/\/api.w.org\/{rel}","templated":true}]}}