{"id":72357,"date":"2018-11-10T22:03:36","date_gmt":"2018-11-11T01:03:36","guid":{"rendered":"http:\/\/www.caririemacao.com\/1\/?p=72357"},"modified":"2018-11-10T22:03:36","modified_gmt":"2018-11-11T01:03:36","slug":"encontro-das-cidades-historicas-em-manaus-ja-conta-com-mais-de-200-participantes-confirmados-inscricoes-abertas","status":"publish","type":"post","link":"https:\/\/www.caririemacao.com\/1\/2018\/11\/10\/encontro-das-cidades-historicas-em-manaus-ja-conta-com-mais-de-200-participantes-confirmados-inscricoes-abertas\/","title":{"rendered":"Encontro das Cidades Hist\u00f3ricas em Manaus j\u00e1 conta com mais de 200 participantes confirmados; inscri\u00e7\u00f5es abertas"},"content":{"rendered":"<p>Mais de 200 municipalistas confirmaram presen\u00e7a no\u00a0<em>5\u00ba Encontro das Cidades Hist\u00f3ricas, Tur\u00edsticas e Patrim\u00f4nio Mundial.<\/em>\u00a0O evento acontece entre os dias 22 e 24 de novembro na cidade de Manaus, no Amazonas. O evento, promovido pela Confedera\u00e7\u00e3o Nacional de Munic\u00edpios (CNM) em parceria com a Organiza\u00e7\u00e3o das Cidades Brasileiras Patrim\u00f4nio Mundial (OCBPM), visa valorizar e fortalecer o potencial dessas cidades. Neste ano, o tema principal do evento ser\u00e1 o Turismo Sustent\u00e1vel em Desenvolvimento e o Patrim\u00f4nio Natural. As inscri\u00e7\u00f5es seguem abertas e s\u00e3o gratuitas.<\/p>\n<p>O presidente da CNM, Glademir Aroldi, vai debater essa tem\u00e1tica com governadores dos Estados da Regi\u00e3o Norte, ministros, presidentes de entidades municipais, parlamentares e especialistas ligados ao Turismo e ao Patrim\u00f4nio Mundial. Nesse contexto, a programa\u00e7\u00e3o do evento prev\u00ea a realiza\u00e7\u00e3o de pain\u00e9is que versam a import\u00e2ncia da cadeia produtiva e da qualifica\u00e7\u00e3o da gest\u00e3o para o desenvolvimento dos destinos tur\u00edsticos sustent\u00e1veis al\u00e9m dos destinos tur\u00edsticos inteligentes e o Patrim\u00f4nio Natural e Cultural \u2013 Converg\u00eancia e Sinergia para Transformar Destinos.<\/p>\n<p>O Financiamento e Capta\u00e7\u00e3o de Investimentos para o Patrim\u00f4nio Natural e Cultural, bem como os desafios e oportunidades do desenvolvimento sustent\u00e1vel e as Parcerias P\u00fablico Privadas (PPPs) para gest\u00e3o de reservas e parques naturais s\u00e3o outros pontos abordados no evento. Al\u00e9m disso, ser\u00e3o realizadas reuni\u00f5es do Grupo de Trabalho Ampliado do Movimento Mulheres Municipalistas (MMM) da Confedera\u00e7\u00e3o e um encontro para tratar do Planejamento, Gest\u00e3o e A\u00e7\u00f5es. No \u00faltimo dia do encontro, participantes e a equipe da CNM fazem uma visita t\u00e9cnica aos principais pontos tur\u00edsticos de Manaus.<\/p>\n<p><strong>Carta de Manaus<\/strong><br \/>\nQuem for ao evento pode apresentar sugest\u00f5es que estar\u00e3o na Carta de Manaus. O documento com essas reivindica\u00e7\u00f5es ser\u00e1 entregue \u00e0s autoridades do governo federal.\u00a0 Tamb\u00e9m s\u00e3o parceiros do evento a Organiza\u00e7\u00e3o das Na\u00e7\u00f5es Unidas para a Educa\u00e7\u00e3o, a Ci\u00eancia e a Cultura (Unesco), o Servi\u00e7o Brasileiro de Apoio \u00e0s Micro e Pequenas Empresas (Sebrae), o Tribunal de Contas da Uni\u00e3o (TCU), o Instituto do Patrim\u00f4nio Hist\u00f3rico e Art\u00edstico Nacional (Iphan) e o Instituto Chico Mendes de Conserva\u00e7\u00e3o da Biodiversidade (ICMBio), a Empresa Estadual de Turismo do Amazonas (AMAZONASTUR), o Governo Federal, o Governo do Estado do Amazonas, O Instituto do Patrim\u00f4nio Hist\u00f3rico e Art\u00edstico Nacional (IPHAN) al\u00e9m dos Minist\u00e9rios do Turismo, Meio Ambiente e Cultura.<\/p>\n<p>A Caixa Econ\u00f4mica Federal \u00e9 a patrocinadora do encontro. Fazem parte do apoio institucional a Associa\u00e7\u00e3o Amazonense de Munic\u00edpios (AAM), a Associa\u00e7\u00e3o dos Munic\u00edpios do Acre (Amac), a Associa\u00e7\u00e3o dos Munic\u00edpios do Estado do Amap\u00e1 (Ameap), a Associa\u00e7\u00e3o dos Munic\u00edpios de Roraima (AMR), a Associa\u00e7\u00e3o Rondoniense de Munic\u00edpios (Arom), a Associa\u00e7\u00e3o Tocantinense de Munic\u00edpios (ATM), e a Federa\u00e7\u00e3o das Associa\u00e7\u00f5es de Munic\u00edpios do Estado do Par\u00e1 (Famep).<\/p>\n<p>Confira a programa\u00e7\u00e3o e confirme a sua participa\u00e7\u00e3o\u00a0<a href=\"http:\/\/www.li.cnm.org.br\/r\/woKibd\" target=\"_blank\" rel=\"noopener\"><strong>aqui<\/strong><\/a><\/p>\n<p><em><a href=\"http:\/\/www.li.cnm.org.br\/r\/vPB8xZ\" target=\"_blank\" rel=\"noopener\"><strong>Da Ag\u00eancia CNM de Not\u00edcias<\/strong><\/a><\/em><\/p>\n","protected":false},"excerpt":{"rendered":"<p>Mais de 200 municipalistas confirmaram presen\u00e7a no\u00a05\u00ba Encontro das Cidades Hist\u00f3ricas, Tur\u00edsticas e Patrim\u00f4nio Mundial.\u00a0O evento acontece entre os dias 22 e 24 de novembro&hellip; <\/p>\n","protected":false},"author":1,"featured_media":72358,"comment_status":"closed","ping_status":"closed","sticky":false,"template":"","format":"standard","meta":{"sfsi_plus_gutenberg_text_before_share":"","sfsi_plus_gutenberg_show_text_before_share":"","sfsi_plus_gutenberg_icon_type":"","sfsi_plus_gutenberg_icon_alignemt":"","sfsi_plus_gutenburg_max_per_row":"","footnotes":""},"categories":[6],"tags":[],"class_list":["post-72357","post","type-post","status-publish","format-standard","has-post-thumbnail","hentry","category-cidades"],"_links":{"self":[{"href":"https:\/\/www.caririemacao.com\/1\/wp-json\/wp\/v2\/posts\/72357","targetHints":{"allow":["GET"]}}],"collection":[{"href":"https:\/\/www.caririemacao.com\/1\/wp-json\/wp\/v2\/posts"}],"about":[{"href":"https:\/\/www.caririemacao.com\/1\/wp-json\/wp\/v2\/types\/post"}],"author":[{"embeddable":true,"href":"https:\/\/www.caririemacao.com\/1\/wp-json\/wp\/v2\/users\/1"}],"replies":[{"embeddable":true,"href":"https:\/\/www.caririemacao.com\/1\/wp-json\/wp\/v2\/comments?post=72357"}],"version-history":[{"count":1,"href":"https:\/\/www.caririemacao.com\/1\/wp-json\/wp\/v2\/posts\/72357\/revisions"}],"predecessor-version":[{"id":72359,"href":"https:\/\/www.caririemacao.com\/1\/wp-json\/wp\/v2\/posts\/72357\/revisions\/72359"}],"wp:featuredmedia":[{"embeddable":true,"href":"https:\/\/www.caririemacao.com\/1\/wp-json\/wp\/v2\/media\/72358"}],"wp:attachment":[{"href":"https:\/\/www.caririemacao.com\/1\/wp-json\/wp\/v2\/media?parent=72357"}],"wp:term":[{"taxonomy":"category","embeddable":true,"href":"https:\/\/www.caririemacao.com\/1\/wp-json\/wp\/v2\/categories?post=72357"},{"taxonomy":"post_tag","embeddable":true,"href":"https:\/\/www.caririemacao.com\/1\/wp-json\/wp\/v2\/tags?post=72357"}],"curies":[{"name":"wp","href":"https:\/\/api.w.org\/{rel}","templated":true}]}}