{"id":72360,"date":"2018-11-10T22:26:26","date_gmt":"2018-11-11T01:26:26","guid":{"rendered":"http:\/\/www.caririemacao.com\/1\/?p=72360"},"modified":"2018-11-10T22:26:26","modified_gmt":"2018-11-11T01:26:26","slug":"cidades-do-cariri-se-comprometem-a-implantar-o-controle-de-frequencia-nos-postos-de-saude","status":"publish","type":"post","link":"https:\/\/www.caririemacao.com\/1\/2018\/11\/10\/cidades-do-cariri-se-comprometem-a-implantar-o-controle-de-frequencia-nos-postos-de-saude\/","title":{"rendered":"Cidades do Cariri se comprometem a implantar o controle de frequ\u00eancia nos Postos de Sa\u00fade"},"content":{"rendered":"<p>Quatorze cidades paraibanas j\u00e1 assinaram o acordo de implantar e regular o funcionamento do ponto eletr\u00f4nico dos servidores vinculados ao Sistema \u00fanico de Sa\u00fade (SUS).<\/p>\n<p>Os acordos ocorreram durante audi\u00eancias de concilia\u00e7\u00e3o designadas no \u00e2mbito de a\u00e7\u00f5es civis p\u00fablicas propostas pelo MPF em Campina Grande.<\/p>\n<p>S\u00e3o elas: Riacho de Santo Ant\u00f4nio; Alagoa Nova; Areia; Areial; Umbuzeiro; Barra de Santana; Cabaceiras; Riach\u00e3o do Bacamarte; Ing\u00e1; Queimadas; Boa Vista; Campina Grande; Fagundes e Picu\u00ed.<\/p>\n<p><strong>Veja os termos abaixo:<\/strong><\/p>\n<dl>\n<dt><a href=\"http:\/\/www.mpf.mp.br\/pb\/sala-de-imprensa\/docs\/ponto-eletronico-termos-de-audiencias\/termo-de-audiencia-0800114-66-2017-4-05-8201-riacho-de-santo-antonio-1.pdf\/view\">TERMO DE AUDIENCIA 0800114-66.2017.4.05.8201 \u2013 RIACHO DE SANTO ANTONIO.pdf<\/a><\/dt>\n<dt><a href=\"http:\/\/www.mpf.mp.br\/pb\/sala-de-imprensa\/docs\/ponto-eletronico-termos-de-audiencias\/termo-de-audiencia-0801622-81-2016-4-05-8201-alagoa-nova-areia-areial.pdf\/view\">TERMO DE AUDIENCIA 0801622-81.2016.4.05.8201 \u2013 ALAGOA NOVA-AREIA-AREIAL .pdf<\/a><\/dt>\n<dt><a href=\"http:\/\/www.mpf.mp.br\/pb\/sala-de-imprensa\/docs\/ponto-eletronico-termos-de-audiencias\/termo-de-audiencia-0800113-81-2017-4-05-8201-umbuzeiro-pb.pdf\/view\">TERMO DE AUDIENCIA 0800113-81.2017.4.05.8201- UMBUZEIRO-PB.pdf<\/a><\/dt>\n<dt><a href=\"http:\/\/www.mpf.mp.br\/pb\/sala-de-imprensa\/docs\/ponto-eletronico-termos-de-audiencias\/termo-de-audiencia-0800076-54-2017-barra-de-santana-pb.pdf\/view\">TERMO DE AUDIENCIA 0800076-54.2017-BARRA DE SANTANA-PB.pdf<\/a><\/dt>\n<dt><a href=\"http:\/\/www.mpf.mp.br\/pb\/sala-de-imprensa\/docs\/ponto-eletronico-termos-de-audiencias\/termo-de-audiencia-0800077-39-2017-cabaceiras-pb.pdf\/view\">TERMO DE AUDIENCIA 0800077-39.2017-CABACEIRAS-PB.pdf<\/a><\/dt>\n<dt><a href=\"http:\/\/www.mpf.mp.br\/pb\/sala-de-imprensa\/docs\/ponto-eletronico-termos-de-audiencias\/termo-de-audiencia-0800309-51-2017-riachao-do-bacamarte-pb.pdf\/view\">TERMO DE AUDIENCIA 0800309-51.2017-RIACH\u00c3O DO BACAMARTE-PB.pdf<\/a><\/dt>\n<dt><a href=\"http:\/\/www.mpf.mp.br\/pb\/sala-de-imprensa\/docs\/ponto-eletronico-termos-de-audiencias\/termo-de-audiencia-0800310-36-2017-inga-pb.pdf\/view\">TERMO DE AUDIENCIA 0800310-36.2017-ING\u00c1-PB.pdf<\/a><\/dt>\n<dt><a href=\"http:\/\/www.mpf.mp.br\/pb\/sala-de-imprensa\/docs\/ponto-eletronico-termos-de-audiencias\/termo-de-audiencia-0801607-15-2016-queimadas-pb.pdf\/view\">TERMO DE AUDIENCIA 0801607-15.2016-QUEIMADAS-PB.pdf<\/a><\/dt>\n<dt><a href=\"http:\/\/www.mpf.mp.br\/pb\/sala-de-imprensa\/docs\/ponto-eletronico-termos-de-audiencias\/termo-de-audiencia-0801621-96-2016-boa-vista-pb.pdf\/view\">TERMO DE AUDIENCIA 0801621-96.2016-BOA VISTA-PB.pdf<\/a><\/dt>\n<dt><a href=\"http:\/\/www.mpf.mp.br\/pb\/sala-de-imprensa\/docs\/ponto-eletronico-termos-de-audiencias\/termo-de-audiencia-0801671-25-2016-campina_grande-pb.pdf\/view\">TERMO DE AUDIENCIA 0801671-25.2016-CAMPINA_GRANDE-PB.PDF<\/a><\/dt>\n<dt><a href=\"http:\/\/www.mpf.mp.br\/pb\/sala-de-imprensa\/docs\/ponto-eletronico-termos-de-audiencias\/termo-de-audiencia-0801671-25-2016-fagundes-pb.pdf\/view\">TERMO DE AUDIENCIA 0801671-25.2016-FAGUNDES-PB.pdf<\/a><\/dt>\n<dt><a href=\"http:\/\/www.mpf.mp.br\/pb\/sala-de-imprensa\/docs\/ponto-eletronico-termos-de-audiencias\/termo-de-audiencia-0801671-25-2016-picui-pb.pdf\/view\">TERMO DE AUDIENCIA 0801671-25.2016-PICUI-PB.pdf<\/a><\/dt>\n<\/dl>\n","protected":false},"excerpt":{"rendered":"<p>Quatorze cidades paraibanas j\u00e1 assinaram o acordo de implantar e regular o funcionamento do ponto eletr\u00f4nico dos servidores vinculados ao Sistema \u00fanico de Sa\u00fade (SUS).&hellip; <\/p>\n","protected":false},"author":1,"featured_media":72362,"comment_status":"closed","ping_status":"closed","sticky":false,"template":"","format":"standard","meta":{"sfsi_plus_gutenberg_text_before_share":"","sfsi_plus_gutenberg_show_text_before_share":"","sfsi_plus_gutenberg_icon_type":"","sfsi_plus_gutenberg_icon_alignemt":"","sfsi_plus_gutenburg_max_per_row":"","footnotes":""},"categories":[6],"tags":[],"class_list":["post-72360","post","type-post","status-publish","format-standard","has-post-thumbnail","hentry","category-cidades"],"_links":{"self":[{"href":"https:\/\/www.caririemacao.com\/1\/wp-json\/wp\/v2\/posts\/72360","targetHints":{"allow":["GET"]}}],"collection":[{"href":"https:\/\/www.caririemacao.com\/1\/wp-json\/wp\/v2\/posts"}],"about":[{"href":"https:\/\/www.caririemacao.com\/1\/wp-json\/wp\/v2\/types\/post"}],"author":[{"embeddable":true,"href":"https:\/\/www.caririemacao.com\/1\/wp-json\/wp\/v2\/users\/1"}],"replies":[{"embeddable":true,"href":"https:\/\/www.caririemacao.com\/1\/wp-json\/wp\/v2\/comments?post=72360"}],"version-history":[{"count":1,"href":"https:\/\/www.caririemacao.com\/1\/wp-json\/wp\/v2\/posts\/72360\/revisions"}],"predecessor-version":[{"id":72363,"href":"https:\/\/www.caririemacao.com\/1\/wp-json\/wp\/v2\/posts\/72360\/revisions\/72363"}],"wp:featuredmedia":[{"embeddable":true,"href":"https:\/\/www.caririemacao.com\/1\/wp-json\/wp\/v2\/media\/72362"}],"wp:attachment":[{"href":"https:\/\/www.caririemacao.com\/1\/wp-json\/wp\/v2\/media?parent=72360"}],"wp:term":[{"taxonomy":"category","embeddable":true,"href":"https:\/\/www.caririemacao.com\/1\/wp-json\/wp\/v2\/categories?post=72360"},{"taxonomy":"post_tag","embeddable":true,"href":"https:\/\/www.caririemacao.com\/1\/wp-json\/wp\/v2\/tags?post=72360"}],"curies":[{"name":"wp","href":"https:\/\/api.w.org\/{rel}","templated":true}]}}