{"id":72443,"date":"2018-11-11T12:11:15","date_gmt":"2018-11-11T15:11:15","guid":{"rendered":"http:\/\/www.caririemacao.com\/1\/?p=72443"},"modified":"2018-11-11T12:11:15","modified_gmt":"2018-11-11T15:11:15","slug":"enem-portoes-sao-fechados-candidatos-terao-5-horas-para-fazer-prova","status":"publish","type":"post","link":"https:\/\/www.caririemacao.com\/1\/2018\/11\/11\/enem-portoes-sao-fechados-candidatos-terao-5-horas-para-fazer-prova\/","title":{"rendered":"Enem: port\u00f5es s\u00e3o fechados, candidatos ter\u00e3o 5 horas para fazer prova"},"content":{"rendered":"<p>Os port\u00f5es dos locais de prova do Exame Nacional do Ensino M\u00e9dio (Enem) foram fechados \u00e0s 13h, hor\u00e1rio de Bras\u00edlia. As provas come\u00e7am a ser aplicadas \u00e0s 13h30. A partir das 13h, os alunos devem estar em sala de aula e ser\u00e3o realizados procedimentos de seguran\u00e7a.<\/p>\n<p>Hoje \u00e9 o segundo dia de prova do Enem. Os candidatos ter\u00e3o cinco horas para resolver 90 quest\u00f5es de ci\u00eancias da natureza e matem\u00e1tica. As provas est\u00e3o sendo aplicadas em mais de 1,7 mil munic\u00edpios.<\/p>\n<p>Em S\u00e3o Paulo, na Avenida Vergueiro, zona sul da capital, antes mesmo da abertura dos port\u00f5es, os estudantes faziam fila em frente aos locais onde ser\u00e3o aplicadas as provas da\u00a0<span id=\"OBJ_PREFIX_DWT1776_com_zimbra_date\" role=\"link\"><span id=\"OBJ_PREFIX_DWT1782_com_zimbra_date\" role=\"link\">segunda<\/span><\/span>\u00a0fase do Enem. A regi\u00e3o tem v\u00e1rios pr\u00e9dios de universidades particulares que receberam os inscritos para fazer o exame.<\/p>\n<p>Acompanhados da Guarda Civil Metropolitana (GCM), fiscais da prefeitura paulistana fizeram apreens\u00f5es de mercadorias de ambulantes que foram aproveitar o movimento dos candidatos. Foram apreendidos carrinhos com isopores, garrafas pl\u00e1sticas de \u00e1gua, latas de refrigerante e canetas esferogr\u00e1ficas.<\/p>\n<p><strong>Ansiedade<\/strong><\/p>\n<p>Enquanto observava a a\u00e7\u00e3o dos fiscais, Caio Moreira, de 19 anos, se deu conta que talvez fosse uma boa ideia\u00a0<span id=\"OBJ_PREFIX_DWT1777_com_zimbra_date\" role=\"link\"><span id=\"OBJ_PREFIX_DWT1783_com_zimbra_date\" role=\"link\">ter<\/span><\/span>\u00a0uma caneta extra para fazer a prova. Prestando o exame pela\u00a0<span id=\"OBJ_PREFIX_DWT1778_com_zimbra_date\" role=\"link\"><span id=\"OBJ_PREFIX_DWT1784_com_zimbra_date\" role=\"link\">segunda<\/span><\/span>\u00a0vez, o jovem n\u00e3o escondia a ansiedade.<\/p>\n<p>\u201cMeio desesperador\u201d, desabafou sobre os sentimentos antes mesmo da abertura dos port\u00f5es. Mesmo assim, espera conseguir uma nota que possibilite uma bolsa para cursar publicidade e propaganda, carreira com a qual se identifica pelo apelo criativo. \u201cAcho que me daria bem nessa parte\u201d, projeta.<\/p>\n<div id=\"attachment_525804\" class=\"wp-caption aligncenter\"><img decoding=\"async\" class=\"wp-image-525804 size-medium lazyloaded\" src=\"https:\/\/paraibaonline.com.br\/wp-content\/uploads\/2018\/11\/ENEM-2018-567x378.jpg\" sizes=\"(max-width: 567px) 100vw, 567px\" srcset=\"https:\/\/paraibaonline.com.br\/wp-content\/uploads\/2018\/11\/ENEM-2018-567x378.jpg 567w, https:\/\/paraibaonline.com.br\/wp-content\/uploads\/2018\/11\/ENEM-2018.jpg 800w\" alt=\"Foto: Valter Campanato\/Ag\u00eancia Brasil\" data-lazy-src=\"https:\/\/paraibaonline.com.br\/wp-content\/uploads\/2018\/11\/ENEM-2018-567x378.jpg\" data-lazy-srcset=\"https:\/\/paraibaonline.com.br\/wp-content\/uploads\/2018\/11\/ENEM-2018-567x378.jpg 567w, https:\/\/paraibaonline.com.br\/wp-content\/uploads\/2018\/11\/ENEM-2018.jpg 800w\" data-lazy-sizes=\"(max-width: 567px) 100vw, 567px\" data-was-processed=\"true\" \/><\/p>\n<p class=\"wp-caption-text\">Foto: Valter Campanato\/Ag\u00eancia Brasil<\/p>\n<\/div>\n<p>A possibilidade de cria\u00e7\u00e3o tamb\u00e9m \u00e9 a motiva\u00e7\u00e3o de Daiane Fernandes. Com 20 anos, ela j\u00e1 faz um curso tecn\u00f3logo de design de moda. Mas, dependendo do resultado da prova, pretende ingressar em uma faculdade de design gr\u00e1fico para\u00a0<span id=\"OBJ_PREFIX_DWT1779_com_zimbra_date\" role=\"link\"><span id=\"OBJ_PREFIX_DWT1785_com_zimbra_date\" role=\"link\">ter<\/span><\/span>\u00a0uma forma\u00e7\u00e3o com bacharelado. Apesar de ser o quarto exame que presta, Daiane diz que mesmo assim est\u00e1 nervosa.<\/p>\n<p>\u201cEu sou muito ansiosa\u201d, justifica por\u00a0<span id=\"OBJ_PREFIX_DWT1780_com_zimbra_date\" role=\"link\"><span id=\"OBJ_PREFIX_DWT1786_com_zimbra_date\" role=\"link\">ter<\/span><\/span>\u00a0chegado antes mesmo da abertura das portas. Como mora a cerca de 1 hora de dist\u00e2ncia do local de prova, achou por bem sair com anteced\u00eancia.<\/p>\n<p>Prestando o Enem pela primeira vez, Mariana Cruz, de 17 anos estava confiante. O resultado da primeira etapa, realizada na semana passada superou as expectativas. \u201cPontuei legal, n\u00e3o tinha tanta expectativa\u201d, conta. Para\u00a0<span id=\"OBJ_PREFIX_DWT1781_com_zimbra_date\" role=\"link\"><span id=\"OBJ_PREFIX_DWT1787_com_zimbra_date\" role=\"link\">hoje<\/span><\/span>, a estudante que pretende ser bi\u00f3loga esperava, entretanto, um dia mais dif\u00edcil. \u201cPara essa de exatas, n\u00e3o estou muito confiante, n\u00e3o\u201d, admitiu.<\/p>\n<p><strong>Prepara\u00e7\u00e3o<\/strong><\/p>\n<p>Em Bras\u00edlia, prestes a dedicar as pr\u00f3ximas horas \u00e0s quest\u00f5es de ci\u00eancias da natureza e matem\u00e1tica, J\u00falia Daniele Silva Pereira que completa 18 anos amanh\u00e3 disse que tentou relaxar na \u00faltima semana.<\/p>\n<p>\u201cTentei ver TV e n\u00e3o pensar muito mas acabei fazendo alguns exerc\u00edcios de racioc\u00ednio l\u00f3gico\u201d, disse.\u00a0A estudante afirmou que a escola deu um forte apoio dedicando os \u00faltimos dias a atividades de refor\u00e7o para o Enem. \u201cEspero que consiga ir bem. Para mim esse \u00e9 o dia mais dif\u00edcil\u201d, contou.<\/p>\n<p>Assim como J\u00falia, a tamb\u00e9m inscrita Rachel La\u00eds Brandao Viana, 17 anos, chegou uma hora antes da abertura do port\u00e3o para evitar nervosismo.\u00a0Com voz mais firme e confiante, ela elogiou a organiza\u00e7\u00e3o do evento e as provas e afirmou que tem mais seguran\u00e7a nas disciplinas de\u00a0hoje. \u201cAcho o dia mais tranquilo mas sei que vou gastar quase todo o tempo porque s\u00e3o muitos c\u00e1lculos\u201d.<\/p>\n<p>Walison de Sousa, 18 anos, teve que vir de carro. \u201cGastei mais de meia hora pra chegar e tive que parar longe porque n\u00e3o tinha vaga aqui. Se eu tivesse que vir de \u00f4nibus teria que pegar pelo menos dois e ia demorar muito mais\u201d, disse a 15 minutos do fechamento dos port\u00f5es.<\/p>\n<p><strong>Gabarito<\/strong><\/p>\n<p>O gabarito oficial do Enem 2018 ser\u00e1 divulgado at\u00e9 \u202a14 de novembro e a previs\u00e3o \u00e9 que o resultado seja publicado em \u202a18 de janeiro\u00a0de 2019.<\/p>\n<p>De acordo com o Instituto Nacional de Estudos e Pesquisas Educacionais An\u00edsio Teixeira (Inep), respons\u00e1vel pelo exame, a primeira fase de provas aplicada no \u00faltimo\u00a0domingo\u00a0teve o menor percentual de ausentes desde 2009, quando passou a\u00a0ter\u00a0dois dias de aplica\u00e7\u00e3o. Menos de 25% dos inscritos n\u00e3o compareceram no\u00a0domingo\u00a0passado.<\/p>\n<p>Mesmo quem faltou pode ir ao segundo dia de provas e usar os resultados como autoavalia\u00e7\u00e3o. Na manh\u00e3 deste\u00a0domingo, a taxa de visualiza\u00e7\u00e3o do Cart\u00e3o de Confirma\u00e7\u00e3o da Inscri\u00e7\u00e3o superou os 89,5%.<\/p>\n","protected":false},"excerpt":{"rendered":"<p>Os port\u00f5es dos locais de prova do Exame Nacional do Ensino M\u00e9dio (Enem) foram fechados \u00e0s 13h, hor\u00e1rio de Bras\u00edlia. As provas come\u00e7am a ser&hellip; <\/p>\n","protected":false},"author":1,"featured_media":70923,"comment_status":"closed","ping_status":"closed","sticky":false,"template":"","format":"standard","meta":{"sfsi_plus_gutenberg_text_before_share":"","sfsi_plus_gutenberg_show_text_before_share":"","sfsi_plus_gutenberg_icon_type":"","sfsi_plus_gutenberg_icon_alignemt":"","sfsi_plus_gutenburg_max_per_row":"","footnotes":""},"categories":[14],"tags":[],"class_list":["post-72443","post","type-post","status-publish","format-standard","has-post-thumbnail","hentry","category-educacao"],"_links":{"self":[{"href":"https:\/\/www.caririemacao.com\/1\/wp-json\/wp\/v2\/posts\/72443","targetHints":{"allow":["GET"]}}],"collection":[{"href":"https:\/\/www.caririemacao.com\/1\/wp-json\/wp\/v2\/posts"}],"about":[{"href":"https:\/\/www.caririemacao.com\/1\/wp-json\/wp\/v2\/types\/post"}],"author":[{"embeddable":true,"href":"https:\/\/www.caririemacao.com\/1\/wp-json\/wp\/v2\/users\/1"}],"replies":[{"embeddable":true,"href":"https:\/\/www.caririemacao.com\/1\/wp-json\/wp\/v2\/comments?post=72443"}],"version-history":[{"count":1,"href":"https:\/\/www.caririemacao.com\/1\/wp-json\/wp\/v2\/posts\/72443\/revisions"}],"predecessor-version":[{"id":72444,"href":"https:\/\/www.caririemacao.com\/1\/wp-json\/wp\/v2\/posts\/72443\/revisions\/72444"}],"wp:featuredmedia":[{"embeddable":true,"href":"https:\/\/www.caririemacao.com\/1\/wp-json\/wp\/v2\/media\/70923"}],"wp:attachment":[{"href":"https:\/\/www.caririemacao.com\/1\/wp-json\/wp\/v2\/media?parent=72443"}],"wp:term":[{"taxonomy":"category","embeddable":true,"href":"https:\/\/www.caririemacao.com\/1\/wp-json\/wp\/v2\/categories?post=72443"},{"taxonomy":"post_tag","embeddable":true,"href":"https:\/\/www.caririemacao.com\/1\/wp-json\/wp\/v2\/tags?post=72443"}],"curies":[{"name":"wp","href":"https:\/\/api.w.org\/{rel}","templated":true}]}}