{"id":72514,"date":"2018-11-12T08:11:23","date_gmt":"2018-11-12T11:11:23","guid":{"rendered":"http:\/\/www.caririemacao.com\/1\/?p=72514"},"modified":"2018-11-12T08:11:23","modified_gmt":"2018-11-12T11:11:23","slug":"homem-e-assassinado-a-golpes-de-faca-e-facao-em-santa-rita","status":"publish","type":"post","link":"https:\/\/www.caririemacao.com\/1\/2018\/11\/12\/homem-e-assassinado-a-golpes-de-faca-e-facao-em-santa-rita\/","title":{"rendered":"Homem \u00e9 assassinado a golpes de faca e fac\u00e3o em Santa Rita"},"content":{"rendered":"<p>Um homem foi assassinado na noite deste domingo (11), a golpes de faca e fac\u00e3o, no munic\u00edpio de Santa Rita. De acordo com a Pol\u00edcia Civil, o homem come\u00e7ou a ser agredido em sua resid\u00eancia. Ele tentou fugir, mas n\u00e3o foi esfaqueado at\u00e9 morrer.<\/p>\n<p>O delegado Diego Garcia informou que provavelmente a v\u00edtima estava em sua resid\u00eancia na companhia do autor do crime, \u00e9 provavelmente as facas utilizadas s\u00e3o da resid\u00eancia.<\/p>\n<p>A Pol\u00edcia informou que n\u00e3o conseguiu identificar a v\u00edtima, pois o mesmo morava sozinha, nem o respons\u00e1vel pelo homic\u00eddio.<\/p>\n<p>At\u00e9 o momento ningu\u00e9m foi preso.<\/p>\n<p>Click PB<\/p>\n","protected":false},"excerpt":{"rendered":"<p>Um homem foi assassinado na noite deste domingo (11), a golpes de faca e fac\u00e3o, no munic\u00edpio de Santa Rita. De acordo com a Pol\u00edcia&hellip; <\/p>\n","protected":false},"author":1,"featured_media":55424,"comment_status":"closed","ping_status":"closed","sticky":false,"template":"","format":"standard","meta":{"sfsi_plus_gutenberg_text_before_share":"","sfsi_plus_gutenberg_show_text_before_share":"","sfsi_plus_gutenberg_icon_type":"","sfsi_plus_gutenberg_icon_alignemt":"","sfsi_plus_gutenburg_max_per_row":"","footnotes":""},"categories":[12],"tags":[],"class_list":["post-72514","post","type-post","status-publish","format-standard","has-post-thumbnail","hentry","category-policia"],"_links":{"self":[{"href":"https:\/\/www.caririemacao.com\/1\/wp-json\/wp\/v2\/posts\/72514","targetHints":{"allow":["GET"]}}],"collection":[{"href":"https:\/\/www.caririemacao.com\/1\/wp-json\/wp\/v2\/posts"}],"about":[{"href":"https:\/\/www.caririemacao.com\/1\/wp-json\/wp\/v2\/types\/post"}],"author":[{"embeddable":true,"href":"https:\/\/www.caririemacao.com\/1\/wp-json\/wp\/v2\/users\/1"}],"replies":[{"embeddable":true,"href":"https:\/\/www.caririemacao.com\/1\/wp-json\/wp\/v2\/comments?post=72514"}],"version-history":[{"count":1,"href":"https:\/\/www.caririemacao.com\/1\/wp-json\/wp\/v2\/posts\/72514\/revisions"}],"predecessor-version":[{"id":72515,"href":"https:\/\/www.caririemacao.com\/1\/wp-json\/wp\/v2\/posts\/72514\/revisions\/72515"}],"wp:featuredmedia":[{"embeddable":true,"href":"https:\/\/www.caririemacao.com\/1\/wp-json\/wp\/v2\/media\/55424"}],"wp:attachment":[{"href":"https:\/\/www.caririemacao.com\/1\/wp-json\/wp\/v2\/media?parent=72514"}],"wp:term":[{"taxonomy":"category","embeddable":true,"href":"https:\/\/www.caririemacao.com\/1\/wp-json\/wp\/v2\/categories?post=72514"},{"taxonomy":"post_tag","embeddable":true,"href":"https:\/\/www.caririemacao.com\/1\/wp-json\/wp\/v2\/tags?post=72514"}],"curies":[{"name":"wp","href":"https:\/\/api.w.org\/{rel}","templated":true}]}}