{"id":72516,"date":"2018-11-12T08:15:09","date_gmt":"2018-11-12T11:15:09","guid":{"rendered":"http:\/\/www.caririemacao.com\/1\/?p=72516"},"modified":"2018-11-12T08:15:09","modified_gmt":"2018-11-12T11:15:09","slug":"crianca-de-8-anos-e-abusada-sexualmente-e-suspeito-e-agredido-por-populares","status":"publish","type":"post","link":"https:\/\/www.caririemacao.com\/1\/2018\/11\/12\/crianca-de-8-anos-e-abusada-sexualmente-e-suspeito-e-agredido-por-populares\/","title":{"rendered":"Crian\u00e7a de 8 anos \u00e9 abusada sexualmente e suspeito \u00e9 agredido por populares"},"content":{"rendered":"<p>Uma crian\u00e7a de 8 anos foi abusada sexualmente neste domingo (11), em Cajazeiras. O abuso foi descoberto ap\u00f3s populares flagraram o homem sem roupa, em cima da crian\u00e7a,\u00a0dentro de um ve\u00edculo.<\/p>\n<p>Ismael Brito Izaquiel de 21 anos foi retirado de dentro do carro pelos populares, agredido e esfaqueado.<\/p>\n<p>A Pol\u00edcia Militar de\u00a0Bonito de Santa F\u00e9, localizada na regi\u00e3o de Cajazeiras, foi acionada.<\/p>\n<p>O suspeito foi encaminhado para a Delegacia de S\u00e3o Jos\u00e9 de Piranhas, juntamente com a v\u00edtima e as testemunhas.<\/p>\n<p>Click PB<\/p>\n","protected":false},"excerpt":{"rendered":"<p>Uma crian\u00e7a de 8 anos foi abusada sexualmente neste domingo (11), em Cajazeiras. O abuso foi descoberto ap\u00f3s populares flagraram o homem sem roupa, em&hellip; <\/p>\n","protected":false},"author":1,"featured_media":49806,"comment_status":"closed","ping_status":"closed","sticky":false,"template":"","format":"standard","meta":{"sfsi_plus_gutenberg_text_before_share":"","sfsi_plus_gutenberg_show_text_before_share":"","sfsi_plus_gutenberg_icon_type":"","sfsi_plus_gutenberg_icon_alignemt":"","sfsi_plus_gutenburg_max_per_row":"","footnotes":""},"categories":[12],"tags":[],"class_list":["post-72516","post","type-post","status-publish","format-standard","has-post-thumbnail","hentry","category-policia"],"_links":{"self":[{"href":"https:\/\/www.caririemacao.com\/1\/wp-json\/wp\/v2\/posts\/72516","targetHints":{"allow":["GET"]}}],"collection":[{"href":"https:\/\/www.caririemacao.com\/1\/wp-json\/wp\/v2\/posts"}],"about":[{"href":"https:\/\/www.caririemacao.com\/1\/wp-json\/wp\/v2\/types\/post"}],"author":[{"embeddable":true,"href":"https:\/\/www.caririemacao.com\/1\/wp-json\/wp\/v2\/users\/1"}],"replies":[{"embeddable":true,"href":"https:\/\/www.caririemacao.com\/1\/wp-json\/wp\/v2\/comments?post=72516"}],"version-history":[{"count":1,"href":"https:\/\/www.caririemacao.com\/1\/wp-json\/wp\/v2\/posts\/72516\/revisions"}],"predecessor-version":[{"id":72517,"href":"https:\/\/www.caririemacao.com\/1\/wp-json\/wp\/v2\/posts\/72516\/revisions\/72517"}],"wp:featuredmedia":[{"embeddable":true,"href":"https:\/\/www.caririemacao.com\/1\/wp-json\/wp\/v2\/media\/49806"}],"wp:attachment":[{"href":"https:\/\/www.caririemacao.com\/1\/wp-json\/wp\/v2\/media?parent=72516"}],"wp:term":[{"taxonomy":"category","embeddable":true,"href":"https:\/\/www.caririemacao.com\/1\/wp-json\/wp\/v2\/categories?post=72516"},{"taxonomy":"post_tag","embeddable":true,"href":"https:\/\/www.caririemacao.com\/1\/wp-json\/wp\/v2\/tags?post=72516"}],"curies":[{"name":"wp","href":"https:\/\/api.w.org\/{rel}","templated":true}]}}