{"id":72533,"date":"2018-11-12T10:16:35","date_gmt":"2018-11-12T13:16:35","guid":{"rendered":"http:\/\/www.caririemacao.com\/1\/?p=72533"},"modified":"2018-11-12T10:16:35","modified_gmt":"2018-11-12T13:16:35","slug":"prefeita-de-monteiro-anuncia-pagamento-dos-salarios-de-novembro-dezembro-13o-e-14o-dos-servidores","status":"publish","type":"post","link":"https:\/\/www.caririemacao.com\/1\/2018\/11\/12\/prefeita-de-monteiro-anuncia-pagamento-dos-salarios-de-novembro-dezembro-13o-e-14o-dos-servidores\/","title":{"rendered":"Prefeita de Monteiro anuncia pagamento dos sal\u00e1rios de novembro, dezembro, 13\u00ba e 14\u00ba dos servidores"},"content":{"rendered":"<p>A prefeita do munic\u00edpio de Monteiro anunciou na \u00faltima sexta-feira, 9, durante o programa Tempo de Trabalho, apresentado na r\u00e1dio Monteiro FM, o calend\u00e1rio do pagamento salarial dos meses de novembro, dezembro e do 13\u00ba e 14\u00ba sal\u00e1rio aos servidores municipais, o que resultado de investimentos de quase R$ 7 milh\u00f5es nos \u00faltimos 30 dias do ano, aquecendo a economia do com\u00e9rcio local.<\/p>\n<p>O sal\u00e1rio de novembro ser\u00e1 efetuado nos dias 28, 29 e 30, recebendo inicialmente os aposentados, pensionistas e inativos, seguidos dos servidores da educa\u00e7\u00e3o e no \u00faltimo dia os demais servidores municipais.<\/p>\n<p>No dia 14 de dezembro a Prefeitura de Monteiro paga o 13\u00ba sal\u00e1rio de dos os servidores municipais e na quarta-feira, dia 18, recebem o 14\u00ba sal\u00e1rio os servidores lotados na Secretaria de Educa\u00e7\u00e3o.<\/p>\n<p>Finalizando o ano, nos dias 26, 27 e 28 de dezembro a Prefeitura de Monteiro paga a folha m\u00eas, seguindo a mesma escala dos meses anteriores, ou seja, recebem no primeiro dia os aposentados, pensionistas e inativos, seguidos dos servidores da educa\u00e7\u00e3o e no \u00faltimo dia os demais servidores municipais.<\/p>\n<p>O pagamento salarial dos servidores municipais de Monteiro tem sido prioridade da gest\u00e3o, que nos \u00faltimos meses dividiu a folha em tr\u00eas dias, evitando filas e possibilitado uma melhor programa\u00e7\u00e3o financeira junto as ag\u00eancias banc\u00e1rias.<\/p>\n<p>Ascom\/PB<\/p>\n","protected":false},"excerpt":{"rendered":"<p>A prefeita do munic\u00edpio de Monteiro anunciou na \u00faltima sexta-feira, 9, durante o programa Tempo de Trabalho, apresentado na r\u00e1dio Monteiro FM, o calend\u00e1rio do&hellip; <\/p>\n","protected":false},"author":1,"featured_media":29485,"comment_status":"closed","ping_status":"closed","sticky":false,"template":"","format":"standard","meta":{"sfsi_plus_gutenberg_text_before_share":"","sfsi_plus_gutenberg_show_text_before_share":"","sfsi_plus_gutenberg_icon_type":"","sfsi_plus_gutenberg_icon_alignemt":"","sfsi_plus_gutenburg_max_per_row":"","footnotes":""},"categories":[6],"tags":[],"class_list":["post-72533","post","type-post","status-publish","format-standard","has-post-thumbnail","hentry","category-cidades"],"_links":{"self":[{"href":"https:\/\/www.caririemacao.com\/1\/wp-json\/wp\/v2\/posts\/72533","targetHints":{"allow":["GET"]}}],"collection":[{"href":"https:\/\/www.caririemacao.com\/1\/wp-json\/wp\/v2\/posts"}],"about":[{"href":"https:\/\/www.caririemacao.com\/1\/wp-json\/wp\/v2\/types\/post"}],"author":[{"embeddable":true,"href":"https:\/\/www.caririemacao.com\/1\/wp-json\/wp\/v2\/users\/1"}],"replies":[{"embeddable":true,"href":"https:\/\/www.caririemacao.com\/1\/wp-json\/wp\/v2\/comments?post=72533"}],"version-history":[{"count":1,"href":"https:\/\/www.caririemacao.com\/1\/wp-json\/wp\/v2\/posts\/72533\/revisions"}],"predecessor-version":[{"id":72534,"href":"https:\/\/www.caririemacao.com\/1\/wp-json\/wp\/v2\/posts\/72533\/revisions\/72534"}],"wp:featuredmedia":[{"embeddable":true,"href":"https:\/\/www.caririemacao.com\/1\/wp-json\/wp\/v2\/media\/29485"}],"wp:attachment":[{"href":"https:\/\/www.caririemacao.com\/1\/wp-json\/wp\/v2\/media?parent=72533"}],"wp:term":[{"taxonomy":"category","embeddable":true,"href":"https:\/\/www.caririemacao.com\/1\/wp-json\/wp\/v2\/categories?post=72533"},{"taxonomy":"post_tag","embeddable":true,"href":"https:\/\/www.caririemacao.com\/1\/wp-json\/wp\/v2\/tags?post=72533"}],"curies":[{"name":"wp","href":"https:\/\/api.w.org\/{rel}","templated":true}]}}