{"id":72535,"date":"2018-11-12T10:20:32","date_gmt":"2018-11-12T13:20:32","guid":{"rendered":"http:\/\/www.caririemacao.com\/1\/?p=72535"},"modified":"2018-11-12T10:20:32","modified_gmt":"2018-11-12T13:20:32","slug":"bolsonaro-desembarca-em-brasilia-e-intensifica-processo-de-transicao-esta-semana","status":"publish","type":"post","link":"https:\/\/www.caririemacao.com\/1\/2018\/11\/12\/bolsonaro-desembarca-em-brasilia-e-intensifica-processo-de-transicao-esta-semana\/","title":{"rendered":"Bolsonaro desembarca em Bras\u00edlia e intensifica processo de transi\u00e7\u00e3o esta semana"},"content":{"rendered":"<p>O presidente eleito Jair Bolsonaro desembarca esta semana em Bras\u00edlia para intensificar a agenda de transi\u00e7\u00e3o. Na lista de prioridades est\u00e3o pontos espec\u00edficos da reforma da Previd\u00eancia e a defini\u00e7\u00e3o de pelo menos quatro nomes para as \u00e1reas de Meio Ambiente, Defesa, Sa\u00fade e Rela\u00e7\u00f5es Exteriores. Bolsonaro tamb\u00e9m tem reuni\u00e3o marcada com a deputada federal Tereza Cristina (DEM-MS), confirmada para o Minist\u00e9rio da Agricultura.<\/p>\n<p>Tereza Cristina avisou que para ela \u00e9 fundamental adotar medidas para proteger os produtores rurais e frear o que chama de \u201cind\u00fastria de multas\u201d. Bolsonaro indicou que pretende limitar as demarca\u00e7\u00f5es de terras ind\u00edgenas.<\/p>\n<p>H\u00e1 tr\u00eas dias, o presidente eleito Jair Bolsonaro afirmou que pretendia definir esta semana os nomes para os minist\u00e9rios do Meio Ambiente, da Sa\u00fade, da Defesa e das Rela\u00e7\u00f5es Exteriores. Ele reconheceu dificuldades para escolher o titular da Educa\u00e7\u00e3o.<\/p>\n<p><strong>Reforma da Previd\u00eancia<\/strong><\/p>\n<p>A equipe de Bolsonaro quer aprovar algumas medidas da reforma da Previd\u00eancia. Na semana passada, o presidente eleito recebeu uma s\u00e9rie de propostas, mas disse n\u00e3o ter definido ainda quais vai levar adiante. Ele negou a possibilidade de elevar para 40 anos o per\u00edodo m\u00ednimo de contribui\u00e7\u00e3o para o recebimento integral da aposentadoria.<\/p>\n<p>O presidente eleito tamb\u00e9m recha\u00e7ou a proposta de aumentar de 11% para 22% a al\u00edquota do INSS. Bolsonaro destacou que a Previd\u00eancia do setor p\u00fablico \u00e9 a mais deficit\u00e1ria e precisa ser revista.<\/p>\n<p>Em mais de uma ocasi\u00e3o, Bolsonaro disse que n\u00e3o quer ver o Brasil \u201ctransformado\u201d em uma Gr\u00e9cia \u2013 onde os contribuintes tiveram que aumentar o pagamento do desconto linear para 30%, segundo Bolsonaro.<\/p>\n<p><strong>Reajuste<\/strong><\/p>\n<p>Bolsonaro afirmou ainda que, se fosse o presidente Michel Temer, vetaria o reajuste de 16% sobre o sal\u00e1rio dos magistrados e da Procuradoria-Geral da Rep\u00fablica com base na Lei de Responsabilidade Fiscal. O reajuste foi considerado \u201cinoportuno\u201d por Bolsonaro, entretanto o Senado aprovou o aumento.<\/p>\n<p>A afirma\u00e7\u00e3o de Bolsonaro foi feita no \u00faltimo dia 10 \u00e0 Rede Record de Televis\u00e3o e a grava\u00e7\u00e3o foi publicada nas redes sociais de Bolsonaro.<\/p>\n<p>Ag\u00eancia Brasil<\/p>\n","protected":false},"excerpt":{"rendered":"<p>O presidente eleito Jair Bolsonaro desembarca esta semana em Bras\u00edlia para intensificar a agenda de transi\u00e7\u00e3o. Na lista de prioridades est\u00e3o pontos espec\u00edficos da reforma&hellip; <\/p>\n","protected":false},"author":1,"featured_media":72536,"comment_status":"closed","ping_status":"closed","sticky":false,"template":"","format":"standard","meta":{"sfsi_plus_gutenberg_text_before_share":"","sfsi_plus_gutenberg_show_text_before_share":"","sfsi_plus_gutenberg_icon_type":"","sfsi_plus_gutenberg_icon_alignemt":"","sfsi_plus_gutenburg_max_per_row":"","footnotes":""},"categories":[11],"tags":[],"class_list":["post-72535","post","type-post","status-publish","format-standard","has-post-thumbnail","hentry","category-politica"],"_links":{"self":[{"href":"https:\/\/www.caririemacao.com\/1\/wp-json\/wp\/v2\/posts\/72535","targetHints":{"allow":["GET"]}}],"collection":[{"href":"https:\/\/www.caririemacao.com\/1\/wp-json\/wp\/v2\/posts"}],"about":[{"href":"https:\/\/www.caririemacao.com\/1\/wp-json\/wp\/v2\/types\/post"}],"author":[{"embeddable":true,"href":"https:\/\/www.caririemacao.com\/1\/wp-json\/wp\/v2\/users\/1"}],"replies":[{"embeddable":true,"href":"https:\/\/www.caririemacao.com\/1\/wp-json\/wp\/v2\/comments?post=72535"}],"version-history":[{"count":1,"href":"https:\/\/www.caririemacao.com\/1\/wp-json\/wp\/v2\/posts\/72535\/revisions"}],"predecessor-version":[{"id":72537,"href":"https:\/\/www.caririemacao.com\/1\/wp-json\/wp\/v2\/posts\/72535\/revisions\/72537"}],"wp:featuredmedia":[{"embeddable":true,"href":"https:\/\/www.caririemacao.com\/1\/wp-json\/wp\/v2\/media\/72536"}],"wp:attachment":[{"href":"https:\/\/www.caririemacao.com\/1\/wp-json\/wp\/v2\/media?parent=72535"}],"wp:term":[{"taxonomy":"category","embeddable":true,"href":"https:\/\/www.caririemacao.com\/1\/wp-json\/wp\/v2\/categories?post=72535"},{"taxonomy":"post_tag","embeddable":true,"href":"https:\/\/www.caririemacao.com\/1\/wp-json\/wp\/v2\/tags?post=72535"}],"curies":[{"name":"wp","href":"https:\/\/api.w.org\/{rel}","templated":true}]}}