{"id":72557,"date":"2018-11-12T12:44:23","date_gmt":"2018-11-12T15:44:23","guid":{"rendered":"http:\/\/www.caririemacao.com\/1\/?p=72557"},"modified":"2018-11-12T13:04:42","modified_gmt":"2018-11-12T16:04:42","slug":"conheca-os-tipos-de-aguas-e-quais-podem-ser-comercializadas","status":"publish","type":"post","link":"https:\/\/www.caririemacao.com\/1\/2018\/11\/12\/conheca-os-tipos-de-aguas-e-quais-podem-ser-comercializadas\/","title":{"rendered":"Conhe\u00e7a os tipos de \u00e1guas e quais podem ser comercializadas"},"content":{"rendered":"<p>Na \u00faltima semana, dezessete f\u00e1bricas de \u00e1gua foram fechadas, em 22 cidades da Para\u00edba, por irregularidades na produ\u00e7\u00e3o e comercializa\u00e7\u00e3o de \u00e1gua adicionada com sais minerais. A Opera\u00e7\u00e3o Poseidon, realizada pelo Minist\u00e9rio Publico da Para\u00edba, Ag\u00eancia Nacional de Vigil\u00e2ncia Sanit\u00e1ria e Secretarias da Receita e da Seguran\u00e7a e Defesa Social, inspecionou 24 empresas e prendeu oito pessoas em flagrante no Estado.<\/p>\n<p><u><\/u><u><\/u><u><\/u>A professora Veruska Brasileiro, que pesquisa o tratamento da \u00e1gua, explica que h\u00e1 mais de noventa par\u00e2metros definidos na legisla\u00e7\u00e3o que classificam aquela \u00e1gua como pot\u00e1vel ou n\u00e3o. Assim, para ser consumida, ela precisa atender a um padr\u00e3o de qualidade que \u00e9 estipulado em lei.<\/p>\n<div id=\"attachment_474794\" class=\"wp-caption aligncenter\"><img decoding=\"async\" class=\"wp-image-474794 size-full lazyload\" data-src=\"https:\/\/paraibaonline.com.br\/wp-content\/uploads\/2018\/07\/agua-mineral2407.jpg\" data-srcset=\"https:\/\/paraibaonline.com.br\/wp-content\/uploads\/2018\/07\/agua-mineral2407.jpg 1024w, https:\/\/paraibaonline.com.br\/wp-content\/uploads\/2018\/07\/agua-mineral2407-567x380.jpg 567w, https:\/\/paraibaonline.com.br\/wp-content\/uploads\/2018\/07\/agua-mineral2407-900x604.jpg 900w\" alt=\"Foto ilustrativa: Reprodu\u00e7\u00e3o\/ Internet\" src=\"data:image\/svg+xml;base64,PHN2ZyB3aWR0aD0iMSIgaGVpZ2h0PSIxIiB4bWxucz0iaHR0cDovL3d3dy53My5vcmcvMjAwMC9zdmciPjwvc3ZnPg==\" \/><\/p>\n<p class=\"wp-caption-text\">Foto ilustrativa: Reprodu\u00e7\u00e3o\/Internet<\/p>\n<\/div>\n<p><u><\/u><u><\/u><u><\/u>Entre as irregularidades constatadas nas empresas, estavam o uso de equipamentos que n\u00e3o garantem a qualidade do produto, a aus\u00eancia de adi\u00e7\u00e3o de sais, problemas de higiene nos ambientes de produ\u00e7\u00e3o e fabrica\u00e7\u00e3o de \u00e1gua sem atender ao m\u00ednimo exigido pela Resolu\u00e7\u00e3o 182 da Anvisa, que trata sobre o assunto.<\/p>\n<p><u><\/u><u><\/u><u><\/u>\u2013 A \u00e1gua \u00e9 solvente universal e tem a capacidade de solver diversas subst\u00e2ncias (inclusive as nocivas \u00e0 sa\u00fade). Quando a gente tem uma \u00e1gua envasada em garraf\u00f5es ou naquelas garrafas pequenas, n\u00e3o significa que seja mineral \u2013 alertou Veruska.<\/p>\n<p><u><\/u><u><\/u><u><\/u>Segundo a professora, existem tr\u00eas tipos de \u00e1gua que podem ser comercializadas: a \u00e1gua mineral, que \u00e9 constitu\u00edda por sais minerais desde a sua fonte e sem a necessidade de adi\u00e7\u00e3o posterior; a \u00e1gua natural, cuja quantidade de sais \u00e9 menor, por\u00e9m ainda atende ao padr\u00e3o de qualidade estipulado; e a \u00e1gua adicionada de sais, proveniente de qualquer fonte e que necessita ser tratada com sais para atingir aos padr\u00f5es de potabilidade definidos pela Anvisa.<\/p>\n<p><u><\/u><u><\/u><u><\/u>Desse modo, conta Veruska, qualquer \u00e1gua pode ser tratada para atender a esses padr\u00f5es de potabilidade. Por\u00e9m, para cada uma delas h\u00e1 um tratamento espec\u00edfico.<\/p>\n<p><u><\/u><u><\/u><u><\/u>\u2013 Hoje, em Campina Grande, eu posso garantir a todos que o tratamento utilizado pela Cagepa \u00e9 o melhor do estado da Para\u00edba. Isso porque tem em sua base o carv\u00e3o ativado, utiliza oxidantes que evitam a libera\u00e7\u00e3o de subprodutos prejudiciais \u00e0 sa\u00fade e ainda utiliza pol\u00edmeros que favorecem a separa\u00e7\u00e3o das impurezas presentes no l\u00edquido \u2013 disse ela.<\/p>\n<p><u><\/u><u><\/u><u><\/u>Quando questionada se a \u00e1gua \u00e9 boa para beber, a professora concluiu: \u00e9 uma \u00e1gua dentro dos padr\u00f5es de potabilidade.<\/p>\n<p><u><\/u>R\u00e1dio CBN<\/p>\n","protected":false},"excerpt":{"rendered":"<p>Na \u00faltima semana, dezessete f\u00e1bricas de \u00e1gua foram fechadas, em 22 cidades da Para\u00edba, por irregularidades na produ\u00e7\u00e3o e comercializa\u00e7\u00e3o de \u00e1gua adicionada com sais&hellip; <\/p>\n","protected":false},"author":1,"featured_media":72562,"comment_status":"closed","ping_status":"closed","sticky":false,"template":"","format":"standard","meta":{"sfsi_plus_gutenberg_text_before_share":"","sfsi_plus_gutenberg_show_text_before_share":"","sfsi_plus_gutenberg_icon_type":"","sfsi_plus_gutenberg_icon_alignemt":"","sfsi_plus_gutenburg_max_per_row":"","footnotes":""},"categories":[2],"tags":[],"class_list":["post-72557","post","type-post","status-publish","format-standard","has-post-thumbnail","hentry","category-geral"],"_links":{"self":[{"href":"https:\/\/www.caririemacao.com\/1\/wp-json\/wp\/v2\/posts\/72557","targetHints":{"allow":["GET"]}}],"collection":[{"href":"https:\/\/www.caririemacao.com\/1\/wp-json\/wp\/v2\/posts"}],"about":[{"href":"https:\/\/www.caririemacao.com\/1\/wp-json\/wp\/v2\/types\/post"}],"author":[{"embeddable":true,"href":"https:\/\/www.caririemacao.com\/1\/wp-json\/wp\/v2\/users\/1"}],"replies":[{"embeddable":true,"href":"https:\/\/www.caririemacao.com\/1\/wp-json\/wp\/v2\/comments?post=72557"}],"version-history":[{"count":3,"href":"https:\/\/www.caririemacao.com\/1\/wp-json\/wp\/v2\/posts\/72557\/revisions"}],"predecessor-version":[{"id":72563,"href":"https:\/\/www.caririemacao.com\/1\/wp-json\/wp\/v2\/posts\/72557\/revisions\/72563"}],"wp:featuredmedia":[{"embeddable":true,"href":"https:\/\/www.caririemacao.com\/1\/wp-json\/wp\/v2\/media\/72562"}],"wp:attachment":[{"href":"https:\/\/www.caririemacao.com\/1\/wp-json\/wp\/v2\/media?parent=72557"}],"wp:term":[{"taxonomy":"category","embeddable":true,"href":"https:\/\/www.caririemacao.com\/1\/wp-json\/wp\/v2\/categories?post=72557"},{"taxonomy":"post_tag","embeddable":true,"href":"https:\/\/www.caririemacao.com\/1\/wp-json\/wp\/v2\/tags?post=72557"}],"curies":[{"name":"wp","href":"https:\/\/api.w.org\/{rel}","templated":true}]}}