{"id":72568,"date":"2018-11-12T13:27:32","date_gmt":"2018-11-12T16:27:32","guid":{"rendered":"http:\/\/www.caririemacao.com\/1\/?p=72568"},"modified":"2018-11-12T13:27:32","modified_gmt":"2018-11-12T16:27:32","slug":"hospital-de-trauma-de-campina-grande-realiza-seminario-sobre-o-novembro-azul","status":"publish","type":"post","link":"https:\/\/www.caririemacao.com\/1\/2018\/11\/12\/hospital-de-trauma-de-campina-grande-realiza-seminario-sobre-o-novembro-azul\/","title":{"rendered":"Hospital de Trauma de Campina Grande realiza semin\u00e1rio sobre o Novembro Azul"},"content":{"rendered":"<p>O Hospital de Emerg\u00eancia e Trauma Dom Luiz Gonzaga Fernandes, em Campina Grande, que integra a rede hospitalar do Governo do Estado, realiza, na pr\u00f3xima ter\u00e7a-feira (13), \u00e0s 16h, no audit\u00f3rio da institui\u00e7\u00e3o, um semin\u00e1rio com o tema: Sa\u00fade do Homem, Preven\u00e7\u00e3o e Diagn\u00f3stico Precoce do C\u00e2ncer de Pr\u00f3stata. O evento \u00e9 voltado aos colaboradores da unidade de sa\u00fade.<\/p>\n<p>Chamar aten\u00e7\u00e3o e esclarecer d\u00favidas em rela\u00e7\u00e3o ao c\u00e2ncer de pr\u00f3stata. Esses s\u00e3o os objetivos da palestra que ser\u00e1 promovida pelo m\u00e9dico urologista, Jos\u00e9 Wendyson de Souza tendo como tem\u00e1tica o NovembroAzul. \u201cVamos tirar d\u00favidas sobre as doen\u00e7as mais prevalentes dos homens e como prevenir tanto as doen\u00e7as quanto as complica\u00e7\u00f5es das mesmas\u201d, afirmou Wendyson.<\/p>\n<p>De acordo com o coordenador de Educa\u00e7\u00e3o Permanente em Sa\u00fade, Mois\u00e9s de Lima, realizar eventos com tem\u00e1ticas alusivas \u00e0 sa\u00fade \u00e9 de extrema import\u00e2ncia para a popula\u00e7\u00e3o tendo em vista que, a partir deles, as pessoas se conscientizam, inclusive da necessidade de se ampliar politicas p\u00fablicas oferecidas pelo Sistema \u00danico de Sa\u00fade (SUS), voltadas para o p\u00fablico espec\u00edfico de cada campanha.<\/p>\n<p>Para\u00edba Debate<\/p>\n","protected":false},"excerpt":{"rendered":"<p>O Hospital de Emerg\u00eancia e Trauma Dom Luiz Gonzaga Fernandes, em Campina Grande, que integra a rede hospitalar do Governo do Estado, realiza, na pr\u00f3xima&hellip; <\/p>\n","protected":false},"author":1,"featured_media":35725,"comment_status":"closed","ping_status":"closed","sticky":false,"template":"","format":"standard","meta":{"sfsi_plus_gutenberg_text_before_share":"","sfsi_plus_gutenberg_show_text_before_share":"","sfsi_plus_gutenberg_icon_type":"","sfsi_plus_gutenberg_icon_alignemt":"","sfsi_plus_gutenburg_max_per_row":"","footnotes":""},"categories":[16],"tags":[],"class_list":["post-72568","post","type-post","status-publish","format-standard","has-post-thumbnail","hentry","category-saude"],"_links":{"self":[{"href":"https:\/\/www.caririemacao.com\/1\/wp-json\/wp\/v2\/posts\/72568","targetHints":{"allow":["GET"]}}],"collection":[{"href":"https:\/\/www.caririemacao.com\/1\/wp-json\/wp\/v2\/posts"}],"about":[{"href":"https:\/\/www.caririemacao.com\/1\/wp-json\/wp\/v2\/types\/post"}],"author":[{"embeddable":true,"href":"https:\/\/www.caririemacao.com\/1\/wp-json\/wp\/v2\/users\/1"}],"replies":[{"embeddable":true,"href":"https:\/\/www.caririemacao.com\/1\/wp-json\/wp\/v2\/comments?post=72568"}],"version-history":[{"count":1,"href":"https:\/\/www.caririemacao.com\/1\/wp-json\/wp\/v2\/posts\/72568\/revisions"}],"predecessor-version":[{"id":72569,"href":"https:\/\/www.caririemacao.com\/1\/wp-json\/wp\/v2\/posts\/72568\/revisions\/72569"}],"wp:featuredmedia":[{"embeddable":true,"href":"https:\/\/www.caririemacao.com\/1\/wp-json\/wp\/v2\/media\/35725"}],"wp:attachment":[{"href":"https:\/\/www.caririemacao.com\/1\/wp-json\/wp\/v2\/media?parent=72568"}],"wp:term":[{"taxonomy":"category","embeddable":true,"href":"https:\/\/www.caririemacao.com\/1\/wp-json\/wp\/v2\/categories?post=72568"},{"taxonomy":"post_tag","embeddable":true,"href":"https:\/\/www.caririemacao.com\/1\/wp-json\/wp\/v2\/tags?post=72568"}],"curies":[{"name":"wp","href":"https:\/\/api.w.org\/{rel}","templated":true}]}}