{"id":72570,"date":"2018-11-12T13:33:57","date_gmt":"2018-11-12T16:33:57","guid":{"rendered":"http:\/\/www.caririemacao.com\/1\/?p=72570"},"modified":"2018-11-12T13:33:57","modified_gmt":"2018-11-12T16:33:57","slug":"sobre-mesa-diretora-da-alpb-ricardo-determina-havera-consenso-na-base-do-governo","status":"publish","type":"post","link":"https:\/\/www.caririemacao.com\/1\/2018\/11\/12\/sobre-mesa-diretora-da-alpb-ricardo-determina-havera-consenso-na-base-do-governo\/","title":{"rendered":"Sobre Mesa Diretora da ALPB, Ricardo determina: &#8216;haver\u00e1 consenso na base do governo&#8217;"},"content":{"rendered":"<p>Nesta segunda-feira (12), o governador Ricardo Coutinho (PSB) colocou uma pedra sobre a discuss\u00e3o em volta da elei\u00e7\u00e3o da Mesa Diretora da Assembleia Legislativa da Para\u00edba (ALPB).<\/p>\n<p>O socialista defendeu que a prioridade deve ser de um nome da base governista e garantiu que n\u00e3o haver\u00e1 pol\u00eamica, pois haver\u00e1 um consenso entre os aliados.<\/p>\n<p>Recentemente, a deputada estadual reeleita Estela Bezerra (PSB) avaliou que o processo estava atropelado e que o pr\u00f3ximo governador, Jo\u00e3o Azev\u00eado (PSB), deveria ser consultado.<\/p>\n<p>\u201c\u00c9 preciso haver um di\u00e1logo de como ser\u00e1 essa rela\u00e7\u00e3o. H\u00e1 um tempo para fazer uma boa concerta\u00e7\u00e3o de nome e os que se colocaram at\u00e9 agora est\u00e3o do meu partido. Dentro da minha l\u00f3gica, tem que haver um esfor\u00e7o maior\u201d, disse.<\/p>\n<p>Para\u00edba.com.br<\/p>\n","protected":false},"excerpt":{"rendered":"<p>Nesta segunda-feira (12), o governador Ricardo Coutinho (PSB) colocou uma pedra sobre a discuss\u00e3o em volta da elei\u00e7\u00e3o da Mesa Diretora da Assembleia Legislativa da&hellip; <\/p>\n","protected":false},"author":1,"featured_media":52291,"comment_status":"closed","ping_status":"closed","sticky":false,"template":"","format":"standard","meta":{"sfsi_plus_gutenberg_text_before_share":"","sfsi_plus_gutenberg_show_text_before_share":"","sfsi_plus_gutenberg_icon_type":"","sfsi_plus_gutenberg_icon_alignemt":"","sfsi_plus_gutenburg_max_per_row":"","footnotes":""},"categories":[11],"tags":[],"class_list":["post-72570","post","type-post","status-publish","format-standard","has-post-thumbnail","hentry","category-politica"],"_links":{"self":[{"href":"https:\/\/www.caririemacao.com\/1\/wp-json\/wp\/v2\/posts\/72570","targetHints":{"allow":["GET"]}}],"collection":[{"href":"https:\/\/www.caririemacao.com\/1\/wp-json\/wp\/v2\/posts"}],"about":[{"href":"https:\/\/www.caririemacao.com\/1\/wp-json\/wp\/v2\/types\/post"}],"author":[{"embeddable":true,"href":"https:\/\/www.caririemacao.com\/1\/wp-json\/wp\/v2\/users\/1"}],"replies":[{"embeddable":true,"href":"https:\/\/www.caririemacao.com\/1\/wp-json\/wp\/v2\/comments?post=72570"}],"version-history":[{"count":1,"href":"https:\/\/www.caririemacao.com\/1\/wp-json\/wp\/v2\/posts\/72570\/revisions"}],"predecessor-version":[{"id":72571,"href":"https:\/\/www.caririemacao.com\/1\/wp-json\/wp\/v2\/posts\/72570\/revisions\/72571"}],"wp:featuredmedia":[{"embeddable":true,"href":"https:\/\/www.caririemacao.com\/1\/wp-json\/wp\/v2\/media\/52291"}],"wp:attachment":[{"href":"https:\/\/www.caririemacao.com\/1\/wp-json\/wp\/v2\/media?parent=72570"}],"wp:term":[{"taxonomy":"category","embeddable":true,"href":"https:\/\/www.caririemacao.com\/1\/wp-json\/wp\/v2\/categories?post=72570"},{"taxonomy":"post_tag","embeddable":true,"href":"https:\/\/www.caririemacao.com\/1\/wp-json\/wp\/v2\/tags?post=72570"}],"curies":[{"name":"wp","href":"https:\/\/api.w.org\/{rel}","templated":true}]}}