{"id":72572,"date":"2018-11-12T13:41:56","date_gmt":"2018-11-12T16:41:56","guid":{"rendered":"http:\/\/www.caririemacao.com\/1\/?p=72572"},"modified":"2018-11-12T13:41:56","modified_gmt":"2018-11-12T16:41:56","slug":"se-for-necessario-prender-100-mil-qual-o-problema-diz-eduardo-bolsonaro-sobre-mst","status":"publish","type":"post","link":"https:\/\/www.caririemacao.com\/1\/2018\/11\/12\/se-for-necessario-prender-100-mil-qual-o-problema-diz-eduardo-bolsonaro-sobre-mst\/","title":{"rendered":"&#8216;Se for necess\u00e1rio prender 100 mil, qual o problema?&#8217;, diz Eduardo Bolsonaro sobre MST"},"content":{"rendered":"<p>O deputado federal e l\u00edder do PSL na C\u00e2mara, Eduardo Bolsonaro, de 34 anos, devia acompanhar o pai, o presidente eleito Jair Bolsonaro, em sua primeira visita ao Supremo Tribunal Federal (STF). Era manh\u00e3 de quarta-feira. O apartamento funcional ainda guardava as marcas na mesa da primeira reuni\u00e3o da equipe de transi\u00e7\u00e3o ocorrida na noite anterior.<\/p>\n<p>Reeleito com 1,8 milh\u00e3o de votos em S\u00e3o Paulo \u2013 o mais bem votado da hist\u00f3ria da C\u00e2mara -, o filho do presidente defendeu a tipifica\u00e7\u00e3o como terrorismo dos atos do Movimento dos Trabalhadores Sem-Terra (MST) um dia depois do futuro ministro da Justi\u00e7a, Sergio Moro, mostrar sua discord\u00e2ncia sobre o tema. \u201cSe fosse necess\u00e1rio prender 100 mil pessoas, qual o problema nisso?\u201d Tamb\u00e9m disse querer criminalizar o comunismo no Pa\u00eds, a exemplo da Pol\u00f4nia, da Ucr\u00e2nia e da Indon\u00e9sia.<\/p>\n<p>Eduardo Bolsonaro defende idade m\u00ednima para a aposentadoria diferente entre trabalhadores bra\u00e7ais e de escrit\u00f3rio. E quer aprovar o projeto Escola Sem Partido, al\u00e9m de propor uma Constituinte exclusiva para a reforma pol\u00edtica. N\u00e3o descarta ser candidato a prefeito ou governador de S\u00e3o Paulo.<\/p>\n<p>Enquanto comia meio mam\u00e3o e bebia uma ta\u00e7a de caf\u00e9 com leite, o deputado contava que almeja criar um Foro de S\u00e3o Paulo da direita. Surfista e esp\u00e9cie de secret\u00e1rio de rela\u00e7\u00f5es internacionais do pai, a onda conservadora que saiu das urnas em outubro tem em Eduardo um de seus principais arautos. No Congresso, o filho do presidente eleito quer di\u00e1logo com o PP, o MDB e o PSDB. Eis sua entrevista.<\/p>\n<p>Estad\u00e3o<\/p>\n","protected":false},"excerpt":{"rendered":"<p>O deputado federal e l\u00edder do PSL na C\u00e2mara, Eduardo Bolsonaro, de 34 anos, devia acompanhar o pai, o presidente eleito Jair Bolsonaro, em sua&hellip; <\/p>\n","protected":false},"author":1,"featured_media":72577,"comment_status":"closed","ping_status":"closed","sticky":false,"template":"","format":"standard","meta":{"sfsi_plus_gutenberg_text_before_share":"","sfsi_plus_gutenberg_show_text_before_share":"","sfsi_plus_gutenberg_icon_type":"","sfsi_plus_gutenberg_icon_alignemt":"","sfsi_plus_gutenburg_max_per_row":"","footnotes":""},"categories":[11],"tags":[],"class_list":["post-72572","post","type-post","status-publish","format-standard","has-post-thumbnail","hentry","category-politica"],"_links":{"self":[{"href":"https:\/\/www.caririemacao.com\/1\/wp-json\/wp\/v2\/posts\/72572","targetHints":{"allow":["GET"]}}],"collection":[{"href":"https:\/\/www.caririemacao.com\/1\/wp-json\/wp\/v2\/posts"}],"about":[{"href":"https:\/\/www.caririemacao.com\/1\/wp-json\/wp\/v2\/types\/post"}],"author":[{"embeddable":true,"href":"https:\/\/www.caririemacao.com\/1\/wp-json\/wp\/v2\/users\/1"}],"replies":[{"embeddable":true,"href":"https:\/\/www.caririemacao.com\/1\/wp-json\/wp\/v2\/comments?post=72572"}],"version-history":[{"count":1,"href":"https:\/\/www.caririemacao.com\/1\/wp-json\/wp\/v2\/posts\/72572\/revisions"}],"predecessor-version":[{"id":72578,"href":"https:\/\/www.caririemacao.com\/1\/wp-json\/wp\/v2\/posts\/72572\/revisions\/72578"}],"wp:featuredmedia":[{"embeddable":true,"href":"https:\/\/www.caririemacao.com\/1\/wp-json\/wp\/v2\/media\/72577"}],"wp:attachment":[{"href":"https:\/\/www.caririemacao.com\/1\/wp-json\/wp\/v2\/media?parent=72572"}],"wp:term":[{"taxonomy":"category","embeddable":true,"href":"https:\/\/www.caririemacao.com\/1\/wp-json\/wp\/v2\/categories?post=72572"},{"taxonomy":"post_tag","embeddable":true,"href":"https:\/\/www.caririemacao.com\/1\/wp-json\/wp\/v2\/tags?post=72572"}],"curies":[{"name":"wp","href":"https:\/\/api.w.org\/{rel}","templated":true}]}}