{"id":72580,"date":"2018-11-12T13:55:54","date_gmt":"2018-11-12T16:55:54","guid":{"rendered":"http:\/\/www.caririemacao.com\/1\/?p=72580"},"modified":"2018-11-12T14:00:14","modified_gmt":"2018-11-12T17:00:14","slug":"modelo-de-gestao-da-prefeita-anna-lorena-tem-86-de-aprovacao-em-monteiro","status":"publish","type":"post","link":"https:\/\/www.caririemacao.com\/1\/2018\/11\/12\/modelo-de-gestao-da-prefeita-anna-lorena-tem-86-de-aprovacao-em-monteiro\/","title":{"rendered":"Modelo de gest\u00e3o da prefeita Anna Lorena tem 86% de aprova\u00e7\u00e3o em Monteiro"},"content":{"rendered":"<p>O di\u00e1logo com a popula\u00e7\u00e3o, investimentos em infraestrutura, melhorias na \u00e1rea de sa\u00fade, educa\u00e7\u00e3o, social, esporte e turismo s\u00e3o os temas mais mencionados pela popula\u00e7\u00e3o de Monteiro em recente pesquisa para avaliar o desempenho administrativo dos atuais gestores munic\u00edpio. A pesquisa foi divulgada neste s\u00e1bado, 10, pelo site Cariri em A\u00e7\u00e3o.<\/p>\n<p><img fetchpriority=\"high\" decoding=\"async\" class=\"alignnone wp-image-72581 size-large\" src=\"http:\/\/www.caririemacao.com\/1\/wp-content\/uploads\/2018\/11\/MONTEIRO-15-1024x682.jpg\" alt=\"\" width=\"800\" height=\"533\" srcset=\"https:\/\/www.caririemacao.com\/1\/wp-content\/uploads\/2018\/11\/MONTEIRO-15-1024x682.jpg 1024w, https:\/\/www.caririemacao.com\/1\/wp-content\/uploads\/2018\/11\/MONTEIRO-15-300x200.jpg 300w, https:\/\/www.caririemacao.com\/1\/wp-content\/uploads\/2018\/11\/MONTEIRO-15-768x512.jpg 768w, https:\/\/www.caririemacao.com\/1\/wp-content\/uploads\/2018\/11\/MONTEIRO-15.jpg 1280w\" sizes=\"(max-width: 800px) 100vw, 800px\" \/><\/p>\n<p>A pesquisa foi realizada em 23 munic\u00edpios, sendo 19 na regi\u00e3o do Cariri paraibano e em quatro cidades do Estado de Pernambuco no per\u00edodo de 15 a 31 de outubro.<\/p>\n<p><img decoding=\"async\" class=\"wp-image-72589 size-full aligncenter lazyload\" data-src=\"http:\/\/www.caririemacao.com\/1\/wp-content\/uploads\/2018\/11\/MONTEIRO-PREFEITA-1.jpg\" alt=\"\" width=\"480\" height=\"288\" data-srcset=\"https:\/\/www.caririemacao.com\/1\/wp-content\/uploads\/2018\/11\/MONTEIRO-PREFEITA-1.jpg 480w, https:\/\/www.caririemacao.com\/1\/wp-content\/uploads\/2018\/11\/MONTEIRO-PREFEITA-1-300x180.jpg 300w\" data-sizes=\"(max-width: 480px) 100vw, 480px\" src=\"data:image\/svg+xml;base64,PHN2ZyB3aWR0aD0iMSIgaGVpZ2h0PSIxIiB4bWxucz0iaHR0cDovL3d3dy53My5vcmcvMjAwMC9zdmciPjwvc3ZnPg==\" style=\"--smush-placeholder-width: 480px; --smush-placeholder-aspect-ratio: 480\/288;\" \/><\/p>\n<p>A pesquisa \u00e9 feita anualmente e tem o objetivo de homenagear as mais importantes personalidades pol\u00edticas, profissionais aut\u00f4nomos, empresas comerciais, administradores p\u00fablicos, entre outras categorias.<\/p>\n<p><img decoding=\"async\" class=\"alignnone wp-image-72583 size-large lazyload\" data-src=\"http:\/\/www.caririemacao.com\/1\/wp-content\/uploads\/2018\/11\/MONTEIRO-5-1024x682.jpg\" alt=\"\" width=\"800\" height=\"533\" data-srcset=\"https:\/\/www.caririemacao.com\/1\/wp-content\/uploads\/2018\/11\/MONTEIRO-5-1024x682.jpg 1024w, https:\/\/www.caririemacao.com\/1\/wp-content\/uploads\/2018\/11\/MONTEIRO-5-300x200.jpg 300w, https:\/\/www.caririemacao.com\/1\/wp-content\/uploads\/2018\/11\/MONTEIRO-5-768x512.jpg 768w, https:\/\/www.caririemacao.com\/1\/wp-content\/uploads\/2018\/11\/MONTEIRO-5.jpg 1280w\" data-sizes=\"(max-width: 800px) 100vw, 800px\" src=\"data:image\/svg+xml;base64,PHN2ZyB3aWR0aD0iMSIgaGVpZ2h0PSIxIiB4bWxucz0iaHR0cDovL3d3dy53My5vcmcvMjAwMC9zdmciPjwvc3ZnPg==\" style=\"--smush-placeholder-width: 800px; --smush-placeholder-aspect-ratio: 800\/533;\" \/><\/p>\n<p>Ao tomar conhecimento da pesquisa a prefeita Anna Lorena analisou como altamente positivo o resultado e disse que esta avalia\u00e7\u00e3o \u00e9 fruto de um trabalho em conjunto com sua equipe de auxiliares, que tem sido feito ouvindo os anseios da popula\u00e7\u00e3o monteirense, que tamb\u00e9m tem colaborado com a gest\u00e3o.<\/p>\n<p>A prefeita Anna Lorena confirmou presen\u00e7a na cerim\u00f4nia de entrega da premia\u00e7\u00e3o que acontece no dia 15 de dezembro, no Centro Cultural Alexandre da Silva Brito, na cidade de Monteiro.<\/p>\n<p><img decoding=\"async\" class=\"alignnone wp-image-72582 size-large lazyload\" data-src=\"http:\/\/www.caririemacao.com\/1\/wp-content\/uploads\/2018\/11\/MONTEIRO-2-1024x682.jpg\" alt=\"\" width=\"800\" height=\"533\" data-srcset=\"https:\/\/www.caririemacao.com\/1\/wp-content\/uploads\/2018\/11\/MONTEIRO-2-1024x682.jpg 1024w, https:\/\/www.caririemacao.com\/1\/wp-content\/uploads\/2018\/11\/MONTEIRO-2-300x200.jpg 300w, https:\/\/www.caririemacao.com\/1\/wp-content\/uploads\/2018\/11\/MONTEIRO-2-768x512.jpg 768w, https:\/\/www.caririemacao.com\/1\/wp-content\/uploads\/2018\/11\/MONTEIRO-2.jpg 1280w\" data-sizes=\"(max-width: 800px) 100vw, 800px\" src=\"data:image\/svg+xml;base64,PHN2ZyB3aWR0aD0iMSIgaGVpZ2h0PSIxIiB4bWxucz0iaHR0cDovL3d3dy53My5vcmcvMjAwMC9zdmciPjwvc3ZnPg==\" style=\"--smush-placeholder-width: 800px; --smush-placeholder-aspect-ratio: 800\/533;\" \/><\/p>\n<p>Em todas as pesquisas realizadas no munic\u00edpio ao longo dos \u00faltimos dois anos, a gest\u00e3o municipal tem recebido uma excelente aprova\u00e7\u00e3o da popula\u00e7\u00e3o, o que demonstra que o modelo administrativo implantado pela prefeita Anna Lorena est\u00e1 no rumo certo.<\/p>\n<p>SECOM<\/p>\n","protected":false},"excerpt":{"rendered":"<p>O di\u00e1logo com a popula\u00e7\u00e3o, investimentos em infraestrutura, melhorias na \u00e1rea de sa\u00fade, educa\u00e7\u00e3o, social, esporte e turismo s\u00e3o os temas mais mencionados pela popula\u00e7\u00e3o&hellip; <\/p>\n","protected":false},"author":1,"featured_media":72584,"comment_status":"closed","ping_status":"closed","sticky":false,"template":"","format":"standard","meta":{"sfsi_plus_gutenberg_text_before_share":"","sfsi_plus_gutenberg_show_text_before_share":"","sfsi_plus_gutenberg_icon_type":"","sfsi_plus_gutenberg_icon_alignemt":"","sfsi_plus_gutenburg_max_per_row":"","footnotes":""},"categories":[2],"tags":[],"class_list":["post-72580","post","type-post","status-publish","format-standard","has-post-thumbnail","hentry","category-geral"],"_links":{"self":[{"href":"https:\/\/www.caririemacao.com\/1\/wp-json\/wp\/v2\/posts\/72580","targetHints":{"allow":["GET"]}}],"collection":[{"href":"https:\/\/www.caririemacao.com\/1\/wp-json\/wp\/v2\/posts"}],"about":[{"href":"https:\/\/www.caririemacao.com\/1\/wp-json\/wp\/v2\/types\/post"}],"author":[{"embeddable":true,"href":"https:\/\/www.caririemacao.com\/1\/wp-json\/wp\/v2\/users\/1"}],"replies":[{"embeddable":true,"href":"https:\/\/www.caririemacao.com\/1\/wp-json\/wp\/v2\/comments?post=72580"}],"version-history":[{"count":3,"href":"https:\/\/www.caririemacao.com\/1\/wp-json\/wp\/v2\/posts\/72580\/revisions"}],"predecessor-version":[{"id":72590,"href":"https:\/\/www.caririemacao.com\/1\/wp-json\/wp\/v2\/posts\/72580\/revisions\/72590"}],"wp:featuredmedia":[{"embeddable":true,"href":"https:\/\/www.caririemacao.com\/1\/wp-json\/wp\/v2\/media\/72584"}],"wp:attachment":[{"href":"https:\/\/www.caririemacao.com\/1\/wp-json\/wp\/v2\/media?parent=72580"}],"wp:term":[{"taxonomy":"category","embeddable":true,"href":"https:\/\/www.caririemacao.com\/1\/wp-json\/wp\/v2\/categories?post=72580"},{"taxonomy":"post_tag","embeddable":true,"href":"https:\/\/www.caririemacao.com\/1\/wp-json\/wp\/v2\/tags?post=72580"}],"curies":[{"name":"wp","href":"https:\/\/api.w.org\/{rel}","templated":true}]}}