{"id":72597,"date":"2018-11-12T16:13:30","date_gmt":"2018-11-12T19:13:30","guid":{"rendered":"http:\/\/www.caririemacao.com\/1\/?p=72597"},"modified":"2018-11-12T16:13:30","modified_gmt":"2018-11-12T19:13:30","slug":"prefeita-anna-lorena-e-novamente-convidada-para-missao-na-alemanha-representando-o-brasil","status":"publish","type":"post","link":"https:\/\/www.caririemacao.com\/1\/2018\/11\/12\/prefeita-anna-lorena-e-novamente-convidada-para-missao-na-alemanha-representando-o-brasil\/","title":{"rendered":"Prefeita Anna Lorena \u00e9 novamente convidada para miss\u00e3o na Alemanha representando o Brasil"},"content":{"rendered":"<p>Entre os dias 18 e 24 de novembro de 2018, a prefeita Anna Lorena integrar\u00e1 uma delega\u00e7\u00e3o com mais 7 prefeitas brasileiras para participar de uma miss\u00e3o na Alemanha para o interc\u00e2mbio de experi\u00eancias na implementa\u00e7\u00e3o das pol\u00edticas clim\u00e1ticas e ambientais (redu\u00e7\u00e3o das emiss\u00f5es de gases de efeito estufa, energias renov\u00e1veis, tratamento de res\u00edduos s\u00f3lidos e de esgoto\u00a0 e adapta\u00e7\u00e3o \u00e0s mudan\u00e7as clim\u00e1ticas). A viagem \u00e9 um convite do Minist\u00e9rio Federal das Rela\u00e7\u00f5es Exteriores da Alemanha.<\/p>\n<p>Resultado de uma parceria entre a Embaixada da Alemanha, o Instituto Alziras e o Instituto Clima e Sociedade, a miss\u00e3o busca fortalecer lideran\u00e7as pol\u00edticas femininas e aproximar gestoras brasileiras e alem\u00e3s de pol\u00edticas p\u00fablicas municipais alinhadas com os compromissos assumidos pelo Brasil no Acordo de Paris.<\/p>\n<p>Ao longo dos cinco dias de miss\u00e3o na Alemanha, Anna Lorena e as demais Prefeitas ser\u00e3o recebidas por autoridades alem\u00e3s tais como a Ministra Federal do Meio Ambiente, Senhora Svenja Schulze \u2013 com quem ter\u00e3o um di\u00e1logo sobre a prote\u00e7\u00e3o do clima nas cidades e nos munic\u00edpios \u2013 e a Senhora Jeannette von Busse, Vice-Prefeita da cidade de Greifswald, a Secret\u00e1ria da Constru\u00e7\u00e3o e do Meio Ambiente, com quem far\u00e3o uma conversa sobre a implementa\u00e7\u00e3o do \u201cPlano diretor munic\u00edpios\u201d. E elas encontrar\u00e3o representantes do Minist\u00e9rio Federal das Rela\u00e7\u00f5es Exteriores da Alemanha.<\/p>\n<p>Al\u00e9m da cidade de Berlim, Anna Lorena ainda representar\u00e1 Monteiro e a Para\u00edba em visitas \u00e0s cidades de Greifswald, Treuenbrietzen e J\u00fchnde para conhecer alguns projetos de sucesso nas \u00e1reas de res\u00edduos s\u00f3lidos, abastecimento de \u00e1gua e elimina\u00e7\u00e3o de efluentes e energia regenerativa (e\u00f3lica, solar e biog\u00e1s), eixos fundamentais para pol\u00edticas sustent\u00e1veis nos munic\u00edpios.<\/p>\n<p>As Prefeitas participantes da miss\u00e3o ter\u00e3o a oportunidade de apresentar as pol\u00edticas p\u00fablicas desenvolvidas em seus munic\u00edpios no \u00e2mbito das mudan\u00e7as clim\u00e1ticas bem como compartilhar seus principais desafios e demandas.<\/p>\n<p><strong>Confer\u00eancia Clim\u00e1tica de L\u00edderes Locais e Regionais 2017<\/strong><\/p>\n<p>A Prefeita Anna Lorena no ano de 2017 representou todos os munic\u00edpios brasileiros na Confer\u00eancia Clim\u00e1tica de L\u00edderes Locais e Regionais e avaliou como altamente positiva a sua presen\u00e7a neste evento internacional, que reuniu lideran\u00e7as de todos os pa\u00edses.<\/p>\n<p>\u201cO que resumo sobre o evento, \u00e9 que todos os pa\u00edses, principalmente os mais desenvolvidos, precisam abra\u00e7ar a causa da Mudan\u00e7a Climatica, para garantir projetos concretos e alcan\u00e7\u00e1veis, para que at\u00e9 mesmo os pa\u00edses subdesenvolvidos consigam coloc\u00e1-los em pr\u00e1tica. \u00c9 necess\u00e1rio que a conscientiza\u00e7\u00e3o da popula\u00e7\u00e3o seja priorit\u00e1ria para que entendam que pensar e mudar seus h\u00e1bitos, ser\u00e1 mais ben\u00e9fico mais barato e garantir\u00e1 um futuro saud\u00e1vel para as pr\u00f3ximas gera\u00e7\u00f5es, futuros filhos, netos e bisnetos\u201d, disse a prefeita Anna Lorena.<\/p>\n","protected":false},"excerpt":{"rendered":"<p>Entre os dias 18 e 24 de novembro de 2018, a prefeita Anna Lorena integrar\u00e1 uma delega\u00e7\u00e3o com mais 7 prefeitas brasileiras para participar de&hellip; <\/p>\n","protected":false},"author":1,"featured_media":72598,"comment_status":"closed","ping_status":"closed","sticky":false,"template":"","format":"standard","meta":{"sfsi_plus_gutenberg_text_before_share":"","sfsi_plus_gutenberg_show_text_before_share":"","sfsi_plus_gutenberg_icon_type":"","sfsi_plus_gutenberg_icon_alignemt":"","sfsi_plus_gutenburg_max_per_row":"","footnotes":""},"categories":[11],"tags":[],"class_list":["post-72597","post","type-post","status-publish","format-standard","has-post-thumbnail","hentry","category-politica"],"_links":{"self":[{"href":"https:\/\/www.caririemacao.com\/1\/wp-json\/wp\/v2\/posts\/72597","targetHints":{"allow":["GET"]}}],"collection":[{"href":"https:\/\/www.caririemacao.com\/1\/wp-json\/wp\/v2\/posts"}],"about":[{"href":"https:\/\/www.caririemacao.com\/1\/wp-json\/wp\/v2\/types\/post"}],"author":[{"embeddable":true,"href":"https:\/\/www.caririemacao.com\/1\/wp-json\/wp\/v2\/users\/1"}],"replies":[{"embeddable":true,"href":"https:\/\/www.caririemacao.com\/1\/wp-json\/wp\/v2\/comments?post=72597"}],"version-history":[{"count":1,"href":"https:\/\/www.caririemacao.com\/1\/wp-json\/wp\/v2\/posts\/72597\/revisions"}],"predecessor-version":[{"id":72599,"href":"https:\/\/www.caririemacao.com\/1\/wp-json\/wp\/v2\/posts\/72597\/revisions\/72599"}],"wp:featuredmedia":[{"embeddable":true,"href":"https:\/\/www.caririemacao.com\/1\/wp-json\/wp\/v2\/media\/72598"}],"wp:attachment":[{"href":"https:\/\/www.caririemacao.com\/1\/wp-json\/wp\/v2\/media?parent=72597"}],"wp:term":[{"taxonomy":"category","embeddable":true,"href":"https:\/\/www.caririemacao.com\/1\/wp-json\/wp\/v2\/categories?post=72597"},{"taxonomy":"post_tag","embeddable":true,"href":"https:\/\/www.caririemacao.com\/1\/wp-json\/wp\/v2\/tags?post=72597"}],"curies":[{"name":"wp","href":"https:\/\/api.w.org\/{rel}","templated":true}]}}