{"id":72600,"date":"2018-11-12T16:20:26","date_gmt":"2018-11-12T19:20:26","guid":{"rendered":"http:\/\/www.caririemacao.com\/1\/?p=72600"},"modified":"2018-11-12T16:20:26","modified_gmt":"2018-11-12T19:20:26","slug":"secretaria-de-desenvolvimento-social-prepara-segunda-edicao-do-pedala-kids-em-monteiro","status":"publish","type":"post","link":"https:\/\/www.caririemacao.com\/1\/2018\/11\/12\/secretaria-de-desenvolvimento-social-prepara-segunda-edicao-do-pedala-kids-em-monteiro\/","title":{"rendered":"Secretaria de Desenvolvimento Social prepara segunda edi\u00e7\u00e3o do Pedala Kids em Monteiro"},"content":{"rendered":"<p><img fetchpriority=\"high\" decoding=\"async\" class=\"size-medium wp-image-27071 alignright\" src=\"http:\/\/www.vitrinedocariri.com.br\/wp-content\/uploads\/2018\/11\/Pedala-Kids1-300x200.jpg\" alt=\"\" width=\"300\" height=\"200\" \/>A receita de muita alegria e divers\u00e3o, aliados \u00e0 sa\u00fade e socializa\u00e7\u00e3o fizeram um enorme sucesso no ano de 2017, e neste ano n\u00e3o ser\u00e1 diferente. A Secretaria Municipal de Desenvolvimento Social em parceria com\u00a0 as demais secretarias se preparam para promover a segunda edi\u00e7\u00e3o do Pedala Kids.<\/p>\n<p>E a largada j\u00e1 foi dada, as inscri\u00e7\u00f5es, j\u00e1 podem ser feitas na Secretaria de Desenvolvimento Social das 08 \u00e0s 12:30 de segunda a sexta. Os pais ou respons\u00e1veis devem levar um quilo de alimento n\u00e3o perec\u00edvel e a c\u00f3pia do pr\u00f3prio RG e tamb\u00e9m o da crian\u00e7a .<\/p>\n<p>O evento acontecer\u00e1 no dia 12 de dezembro e os 100 primeiros pais que efetuarem os cadastros ter\u00e3o direito a uma camisa alusiva ao evento para seu filho. Os alimentos recolhidos no ato da inscri\u00e7\u00e3o ser\u00e3o entregues \u00e0 popula\u00e7\u00e3o carente da cidade no dia de natal.<\/p>\n<p><img decoding=\"async\" class=\"size-medium wp-image-27072 alignright lazyload\" data-src=\"http:\/\/www.vitrinedocariri.com.br\/wp-content\/uploads\/2018\/11\/Pedala-Kids4-300x200.jpg\" alt=\"\" width=\"300\" height=\"200\" src=\"data:image\/svg+xml;base64,PHN2ZyB3aWR0aD0iMSIgaGVpZ2h0PSIxIiB4bWxucz0iaHR0cDovL3d3dy53My5vcmcvMjAwMC9zdmciPjwvc3ZnPg==\" style=\"--smush-placeholder-width: 300px; --smush-placeholder-aspect-ratio: 300\/200;\" \/>A sa\u00edda est\u00e1 programada para acontecer \u00e0s 16 horas, partindo da Pra\u00e7a de Alimenta\u00e7\u00e3o e todo o percurso, que acontecer\u00e1 nas ruas do centro da cidade, ter\u00e1 o apoio da equipe da Montran para que as crian\u00e7as tenham toda a seguran\u00e7a e possam curtir com toda alegria este momento e tamb\u00e9m estar\u00e3o espalhados no trajetos Pitstops que fornecer\u00e3o \u00e1gua para que tudo seja feito com muito conforto.<\/p>\n<p>\u201cMotivados pelo sucesso obtido no ano passado, decidimos dar continuidade ao Pedala Kids que al\u00e9m de incentivar a pr\u00e1tica esportiva, oferece um dia diferente e muito alegre para as crian\u00e7as da cidade\u201d, disse a secret\u00e1ria de Desenvolvimento Social, Rosa Aleixo.<\/p>\n<p>A secret\u00e1ria ainda adianta que haver\u00e1 o sorteio de uma linda bicicleta para as crian\u00e7as que participar\u00e3o do II Pedala Kids.<\/p>\n<p>Ascom\/Monteiro<\/p>\n","protected":false},"excerpt":{"rendered":"<p>A receita de muita alegria e divers\u00e3o, aliados \u00e0 sa\u00fade e socializa\u00e7\u00e3o fizeram um enorme sucesso no ano de 2017, e neste ano n\u00e3o ser\u00e1&hellip; <\/p>\n","protected":false},"author":1,"featured_media":33322,"comment_status":"closed","ping_status":"closed","sticky":false,"template":"","format":"standard","meta":{"sfsi_plus_gutenberg_text_before_share":"","sfsi_plus_gutenberg_show_text_before_share":"","sfsi_plus_gutenberg_icon_type":"","sfsi_plus_gutenberg_icon_alignemt":"","sfsi_plus_gutenburg_max_per_row":"","footnotes":""},"categories":[2],"tags":[],"class_list":["post-72600","post","type-post","status-publish","format-standard","has-post-thumbnail","hentry","category-geral"],"_links":{"self":[{"href":"https:\/\/www.caririemacao.com\/1\/wp-json\/wp\/v2\/posts\/72600","targetHints":{"allow":["GET"]}}],"collection":[{"href":"https:\/\/www.caririemacao.com\/1\/wp-json\/wp\/v2\/posts"}],"about":[{"href":"https:\/\/www.caririemacao.com\/1\/wp-json\/wp\/v2\/types\/post"}],"author":[{"embeddable":true,"href":"https:\/\/www.caririemacao.com\/1\/wp-json\/wp\/v2\/users\/1"}],"replies":[{"embeddable":true,"href":"https:\/\/www.caririemacao.com\/1\/wp-json\/wp\/v2\/comments?post=72600"}],"version-history":[{"count":1,"href":"https:\/\/www.caririemacao.com\/1\/wp-json\/wp\/v2\/posts\/72600\/revisions"}],"predecessor-version":[{"id":72601,"href":"https:\/\/www.caririemacao.com\/1\/wp-json\/wp\/v2\/posts\/72600\/revisions\/72601"}],"wp:featuredmedia":[{"embeddable":true,"href":"https:\/\/www.caririemacao.com\/1\/wp-json\/wp\/v2\/media\/33322"}],"wp:attachment":[{"href":"https:\/\/www.caririemacao.com\/1\/wp-json\/wp\/v2\/media?parent=72600"}],"wp:term":[{"taxonomy":"category","embeddable":true,"href":"https:\/\/www.caririemacao.com\/1\/wp-json\/wp\/v2\/categories?post=72600"},{"taxonomy":"post_tag","embeddable":true,"href":"https:\/\/www.caririemacao.com\/1\/wp-json\/wp\/v2\/tags?post=72600"}],"curies":[{"name":"wp","href":"https:\/\/api.w.org\/{rel}","templated":true}]}}