{"id":72604,"date":"2018-11-12T16:26:34","date_gmt":"2018-11-12T19:26:34","guid":{"rendered":"http:\/\/www.caririemacao.com\/1\/?p=72604"},"modified":"2018-11-12T16:26:34","modified_gmt":"2018-11-12T19:26:34","slug":"monteiro-escolas-municipais-e-estaduais-para-debatem-entrada-de-alunos-no-ensino-medio","status":"publish","type":"post","link":"https:\/\/www.caririemacao.com\/1\/2018\/11\/12\/monteiro-escolas-municipais-e-estaduais-para-debatem-entrada-de-alunos-no-ensino-medio\/","title":{"rendered":"Monteiro: Escolas Municipais e Estaduais para debatem entrada de alunos no Ensino M\u00e9dio"},"content":{"rendered":"<p><img fetchpriority=\"high\" decoding=\"async\" class=\"size-medium wp-image-27065 alignright\" src=\"http:\/\/www.vitrinedocariri.com.br\/wp-content\/uploads\/2018\/11\/Reuni%C3%A3o-Ensino-M%C3%A9dio-Munic%C3%ADpioe-Estado3-300x200.jpg\" alt=\"\" width=\"300\" height=\"200\" \/>A Secretaria de Educa\u00e7\u00e3o do munic\u00edpio de Monteiro reuniu os diretores e supervisores das escolas Municipais e Estaduais da cidade na \u00faltima semana, a fim de debater quest\u00f5es relacionadas a transi\u00e7\u00e3o do alunado do ensino fundamental para o m\u00e9dio.<\/p>\n<p>Durante a reuni\u00e3o, as secret\u00e1rias Ana Lima e Genice Pires estiveram ao lado da prefeita Anna Lorena, que se despuseram a formar uma grande parceria com as escolas do Estado para que os alunos estejam preparados para a entrada em mais uma etapa da vida estudantil.<\/p>\n<p>No momento todos os diretores participaram expondo suas opini\u00f5es, pontos de vista e experi\u00eancias, e unanimemente concordaram que esta reuni\u00e3o produzir\u00e1 grandes frutos no quesito da evolu\u00e7\u00e3o dos adolescentes que se sentir\u00e3o mais a vontade para mudar de ambiente.<\/p>\n<p><img decoding=\"async\" class=\"size-medium wp-image-27066 alignright lazyload\" data-src=\"http:\/\/www.vitrinedocariri.com.br\/wp-content\/uploads\/2018\/11\/Reuni%C3%A3o-Ensino-M%C3%A9dio-Munic%C3%ADpioe-Estado4-300x200.jpg\" alt=\"\" width=\"300\" height=\"200\" src=\"data:image\/svg+xml;base64,PHN2ZyB3aWR0aD0iMSIgaGVpZ2h0PSIxIiB4bWxucz0iaHR0cDovL3d3dy53My5vcmcvMjAwMC9zdmciPjwvc3ZnPg==\" style=\"--smush-placeholder-width: 300px; --smush-placeholder-aspect-ratio: 300\/200;\" \/>A prepara\u00e7\u00e3o para o incentivo da continuidade dos estudos at\u00e9 a entrada no ensino superior tamb\u00e9m esteve em pauta, assim como a jun\u00e7\u00e3o dos profissionais em capacita\u00e7\u00f5es, que receberam da parte da gestora Anna Lorena total coopera\u00e7\u00e3o.<\/p>\n<p>\u201cEstamos aqui com o intuito de unir for\u00e7as em prol das nossas crian\u00e7as, do futuro da nossa cidade, bem como um olhar carinhoso para com os nossos profissionais. Saimos daqui hoje com uma nova reuni\u00e3o agendada e novas pautas para que nossos alunos possam evoluir cada vez mais, melhorando assim a profissionaliza\u00e7\u00e3o e consequentemente o desenvolvimento de todos\u201d, observa a prefeita Anna Lorena.<\/p>\n<p>Todos os temas envolveram o ensino na zona rural e urbana do munic\u00edpio.<\/p>\n","protected":false},"excerpt":{"rendered":"<p>A Secretaria de Educa\u00e7\u00e3o do munic\u00edpio de Monteiro reuniu os diretores e supervisores das escolas Municipais e Estaduais da cidade na \u00faltima semana, a fim&hellip; <\/p>\n","protected":false},"author":1,"featured_media":72605,"comment_status":"closed","ping_status":"closed","sticky":false,"template":"","format":"standard","meta":{"sfsi_plus_gutenberg_text_before_share":"","sfsi_plus_gutenberg_show_text_before_share":"","sfsi_plus_gutenberg_icon_type":"","sfsi_plus_gutenberg_icon_alignemt":"","sfsi_plus_gutenburg_max_per_row":"","footnotes":""},"categories":[14],"tags":[],"class_list":["post-72604","post","type-post","status-publish","format-standard","has-post-thumbnail","hentry","category-educacao"],"_links":{"self":[{"href":"https:\/\/www.caririemacao.com\/1\/wp-json\/wp\/v2\/posts\/72604","targetHints":{"allow":["GET"]}}],"collection":[{"href":"https:\/\/www.caririemacao.com\/1\/wp-json\/wp\/v2\/posts"}],"about":[{"href":"https:\/\/www.caririemacao.com\/1\/wp-json\/wp\/v2\/types\/post"}],"author":[{"embeddable":true,"href":"https:\/\/www.caririemacao.com\/1\/wp-json\/wp\/v2\/users\/1"}],"replies":[{"embeddable":true,"href":"https:\/\/www.caririemacao.com\/1\/wp-json\/wp\/v2\/comments?post=72604"}],"version-history":[{"count":1,"href":"https:\/\/www.caririemacao.com\/1\/wp-json\/wp\/v2\/posts\/72604\/revisions"}],"predecessor-version":[{"id":72606,"href":"https:\/\/www.caririemacao.com\/1\/wp-json\/wp\/v2\/posts\/72604\/revisions\/72606"}],"wp:featuredmedia":[{"embeddable":true,"href":"https:\/\/www.caririemacao.com\/1\/wp-json\/wp\/v2\/media\/72605"}],"wp:attachment":[{"href":"https:\/\/www.caririemacao.com\/1\/wp-json\/wp\/v2\/media?parent=72604"}],"wp:term":[{"taxonomy":"category","embeddable":true,"href":"https:\/\/www.caririemacao.com\/1\/wp-json\/wp\/v2\/categories?post=72604"},{"taxonomy":"post_tag","embeddable":true,"href":"https:\/\/www.caririemacao.com\/1\/wp-json\/wp\/v2\/tags?post=72604"}],"curies":[{"name":"wp","href":"https:\/\/api.w.org\/{rel}","templated":true}]}}