{"id":72610,"date":"2018-11-12T16:38:41","date_gmt":"2018-11-12T19:38:41","guid":{"rendered":"http:\/\/www.caririemacao.com\/1\/?p=72610"},"modified":"2018-11-12T16:38:41","modified_gmt":"2018-11-12T19:38:41","slug":"ex-ministro-de-dilma-joaquim-levy-aceita-convite-de-bolsonaro-e-presidira-bndes","status":"publish","type":"post","link":"https:\/\/www.caririemacao.com\/1\/2018\/11\/12\/ex-ministro-de-dilma-joaquim-levy-aceita-convite-de-bolsonaro-e-presidira-bndes\/","title":{"rendered":"Ex-ministro de Dilma, Joaquim Levy aceita convite de Bolsonaro e presidir\u00e1 BNDES"},"content":{"rendered":"<p>O economista Joaquim Levy aceitou hoje (12) o convite para presidir presidir o Banco Nacional de Desenvolvimento Econ\u00f4mico e Social (BNDES). Ele foi convidado pela equipe de Paulo Guedes, confirmado para o superminist\u00e9rio da Economia, e a informa\u00e7\u00e3o divulgada por sua assessoria.<\/p>\n<p>\u00c9 o primeiro na equipe econ\u00f4mica do governo de Jair Bolsonaro. Com experi\u00eancia na administra\u00e7\u00e3o p\u00fablica, Levy foi ministro da Fazenda de janeiro a dezembro de 2015, no segundo mandato de Dilma Rousseff, com a promessa de realizar um ajuste fiscal para conter os gastos p\u00fablicos.<\/p>\n<p>Na semana passada, Bolsonaro afirmou que pretende &#8220;abrir a caixa-preta&#8221; do BNDES em refer\u00eancia a empr\u00e9stimos suspeitos negociados em gest\u00f5es anteriores. Segundo ele, a sociedade tem direito de saber como \u00e9 utilizado o dinheiro p\u00fablico.<\/p>\n<p><strong>Hist\u00f3rico<\/strong><\/p>\n<p>Engenheiro naval de forma\u00e7\u00e3o, Levy possui doutorado em economia da Universidade de Chicago (EUA), a mesma de Paulo Guedes. Ele tamb\u00e9m foi secret\u00e1rio do Tesouro Nacional entre 2003 e 2006, durante o primeiro mandato de Luiz In\u00e1cio Lula da Silva.<\/p>\n<p>De 2010 e 2014, Levy foi diretor do banco Bradesco. Para assumir a presid\u00eancia do BNDES, Levy deixar\u00e1 a diretoria financeira do Banco Mundial, cargo que ocupa atualmente.<\/p>\n<p>O atual presidente do Banco Central, Ilan Goldjfan, tamb\u00e9m foi convidado para continuar no pr\u00f3ximo governo, mas ainda n\u00e3o se pronunciou. Paralelamente, Guedes trabalha para ver aprovado o mais r\u00e1pido o poss\u00edvel o projeto que garante a independ\u00eancia do Banco Central.<\/p>\n<p>H\u00e1, ainda, expectativas sobre os novos comandos para a Petrobras e o Tesouro Nacional.<\/p>\n<p><strong>Ministros<\/strong><\/p>\n<p>O presidente eleito Jair Bolsonaro desembarca nesta ter\u00e7a-feira (13) em Bras\u00edlia para intensificar a agenda de transi\u00e7\u00e3o, definindo inclusive mais nomes para compor a equipe de governo.<\/p>\n<p>Entre as prioridades da semana est\u00e3o a defini\u00e7\u00e3o de estrat\u00e9gia para a reforma da Previd\u00eancia e a defini\u00e7\u00e3o de, pelo menos, quatro nomes de ministros para as \u00e1reas de Meio Ambiente, Defesa, Sa\u00fade e Rela\u00e7\u00f5es Exteriores.<\/p>\n","protected":false},"excerpt":{"rendered":"<p>O economista Joaquim Levy aceitou hoje (12) o convite para presidir presidir o Banco Nacional de Desenvolvimento Econ\u00f4mico e Social (BNDES). Ele foi convidado pela&hellip; <\/p>\n","protected":false},"author":1,"featured_media":72611,"comment_status":"closed","ping_status":"closed","sticky":false,"template":"","format":"standard","meta":{"sfsi_plus_gutenberg_text_before_share":"","sfsi_plus_gutenberg_show_text_before_share":"","sfsi_plus_gutenberg_icon_type":"","sfsi_plus_gutenberg_icon_alignemt":"","sfsi_plus_gutenburg_max_per_row":"","footnotes":""},"categories":[11],"tags":[],"class_list":["post-72610","post","type-post","status-publish","format-standard","has-post-thumbnail","hentry","category-politica"],"_links":{"self":[{"href":"https:\/\/www.caririemacao.com\/1\/wp-json\/wp\/v2\/posts\/72610","targetHints":{"allow":["GET"]}}],"collection":[{"href":"https:\/\/www.caririemacao.com\/1\/wp-json\/wp\/v2\/posts"}],"about":[{"href":"https:\/\/www.caririemacao.com\/1\/wp-json\/wp\/v2\/types\/post"}],"author":[{"embeddable":true,"href":"https:\/\/www.caririemacao.com\/1\/wp-json\/wp\/v2\/users\/1"}],"replies":[{"embeddable":true,"href":"https:\/\/www.caririemacao.com\/1\/wp-json\/wp\/v2\/comments?post=72610"}],"version-history":[{"count":1,"href":"https:\/\/www.caririemacao.com\/1\/wp-json\/wp\/v2\/posts\/72610\/revisions"}],"predecessor-version":[{"id":72612,"href":"https:\/\/www.caririemacao.com\/1\/wp-json\/wp\/v2\/posts\/72610\/revisions\/72612"}],"wp:featuredmedia":[{"embeddable":true,"href":"https:\/\/www.caririemacao.com\/1\/wp-json\/wp\/v2\/media\/72611"}],"wp:attachment":[{"href":"https:\/\/www.caririemacao.com\/1\/wp-json\/wp\/v2\/media?parent=72610"}],"wp:term":[{"taxonomy":"category","embeddable":true,"href":"https:\/\/www.caririemacao.com\/1\/wp-json\/wp\/v2\/categories?post=72610"},{"taxonomy":"post_tag","embeddable":true,"href":"https:\/\/www.caririemacao.com\/1\/wp-json\/wp\/v2\/tags?post=72610"}],"curies":[{"name":"wp","href":"https:\/\/api.w.org\/{rel}","templated":true}]}}