{"id":72621,"date":"2018-11-12T16:51:56","date_gmt":"2018-11-12T19:51:56","guid":{"rendered":"http:\/\/www.caririemacao.com\/1\/?p=72621"},"modified":"2018-11-12T16:51:56","modified_gmt":"2018-11-12T19:51:56","slug":"apos-adeus-a-selecao-falcao-anuncia-fim-da-carreira-no-futsal-em-2018","status":"publish","type":"post","link":"https:\/\/www.caririemacao.com\/1\/2018\/11\/12\/apos-adeus-a-selecao-falcao-anuncia-fim-da-carreira-no-futsal-em-2018\/","title":{"rendered":"Ap\u00f3s adeus \u00e0 sele\u00e7\u00e3o, Falc\u00e3o anuncia fim da carreira no futsal em 2018"},"content":{"rendered":"<p>Aos 41 anos, Falc\u00e3o anunciou neste domingo que deixar\u00e1 o esporte profissional em 2018. Uma semana depois de<br \/>\nfazer seu jogo de despedida da sele\u00e7\u00e3o brasileira diante do Paraguai, em Jaragu\u00e1 do Sul, o jogador visto como maior<br \/>\nnome do futsal de todos os tempos afirmou em entrevista ao \u201cEsporte Espetacular\u201d, da TV Globo, que cumprir\u00e1<br \/>\ncompromissos com o Magnus Sorocaba Futsal-Athleta somente at\u00e9 o fim do ano e depois disso se dedicar\u00e1 a novas<br \/>\natividades.<br \/>\n\u201cProfissionalmente, pensando muito, com 41 anos chegou o momento. Me despedi da sele\u00e7\u00e3o recentemente e agora<br \/>\nvou terminar meus compromissos com o clube. Tenho certeza que ainda farei muitos eventos, mas para me divertir.<br \/>\nProfissionalmente \u00e9 o \u00faltimo ano\u201d, disse Falc\u00e3o, que resumiu a carreira na mesma entrevista: \u201cTentei ser um exemplo de<br \/>\nprofissional, minha hist\u00f3ria \u00e9 de um legado muito bacana. Triste por n\u00e3o viver esses momentos mais, mas feliz de ter<br \/>\nvivido o que vivi e poder incentivar a molecada.\u201d<\/p>\n<p>Falc\u00e3o defendeu a sele\u00e7\u00e3o brasileira de futsal por 20 anos, com 258 partidas e 401 gols marcados. O jogador<br \/>\nconquistou o bicampeonato mundial em 2008 e 2012, al\u00e9m de 11 Grand Prix e cinco edi\u00e7\u00f5es de Copa Am\u00e9rica com a<br \/>\ncamisa verde e amarela. Somando sele\u00e7\u00e3o e clubes, entre jogos oficiais e amistosos, foram 3 mil gols de acordo com<br \/>\nsuas contas. Ele foi eleito como o melhor do mundo do esporte em 2004 e 2008 e foi medalhista de ouro nos Jogos<br \/>\nPan-americanos de 2007. Foram 54 t\u00edtulos por clubes e 24 pela sele\u00e7\u00e3o.<br \/>\nEm suas redes sociais, Falc\u00e3o j\u00e1 anuncia outras atividades profissionais que deve intensificar nos pr\u00f3ximos meses,<br \/>\ncomo eventos, propagandas e cl\u00ednicas de futsal. Ele tamb\u00e9m tem um canal no Youtube com quase 50 mil inscritos,<br \/>\nlan\u00e7ado h\u00e1 apenas uma semana e que promete v\u00eddeos \u00e0s quintas-feiras.<br \/>\nFalc\u00e3o come\u00e7ou no futsal em 1991, pelo AACC Guapira, clube da Zona Norte de S\u00e3o Paulo. Depois ele defendeu<br \/>\nCorinthians, GM\/Chevrolet, CA Atl\u00e9tico\/Pax de Minas, Rio de Janeiro\/Mi\u00e9cimo, S\u00e3o Paulo\/Osasco, Banespa,<br \/>\nMalwee Futsal, Santos, ADC Intelli\/Orl\u00e2ndia, Futsal Brasil Kirin\/Sorocaba e, desde 2016, o Magnus Futsal\/Sorocaba. Em<br \/>\n2005 ele teve uma experi\u00eancia no futebol de campo pelo S\u00e3o Paulo, mas atuou somente seis vezes (uma como titular)<br \/>\nem tr\u00eas meses e foi campe\u00e3o paulista.<\/p>\n","protected":false},"excerpt":{"rendered":"<p>Aos 41 anos, Falc\u00e3o anunciou neste domingo que deixar\u00e1 o esporte profissional em 2018. Uma semana depois de fazer seu jogo de despedida da sele\u00e7\u00e3o&hellip; <\/p>\n","protected":false},"author":1,"featured_media":72622,"comment_status":"closed","ping_status":"closed","sticky":false,"template":"","format":"standard","meta":{"sfsi_plus_gutenberg_text_before_share":"","sfsi_plus_gutenberg_show_text_before_share":"","sfsi_plus_gutenberg_icon_type":"","sfsi_plus_gutenberg_icon_alignemt":"","sfsi_plus_gutenburg_max_per_row":"","footnotes":""},"categories":[13],"tags":[],"class_list":["post-72621","post","type-post","status-publish","format-standard","has-post-thumbnail","hentry","category-esportes"],"_links":{"self":[{"href":"https:\/\/www.caririemacao.com\/1\/wp-json\/wp\/v2\/posts\/72621","targetHints":{"allow":["GET"]}}],"collection":[{"href":"https:\/\/www.caririemacao.com\/1\/wp-json\/wp\/v2\/posts"}],"about":[{"href":"https:\/\/www.caririemacao.com\/1\/wp-json\/wp\/v2\/types\/post"}],"author":[{"embeddable":true,"href":"https:\/\/www.caririemacao.com\/1\/wp-json\/wp\/v2\/users\/1"}],"replies":[{"embeddable":true,"href":"https:\/\/www.caririemacao.com\/1\/wp-json\/wp\/v2\/comments?post=72621"}],"version-history":[{"count":1,"href":"https:\/\/www.caririemacao.com\/1\/wp-json\/wp\/v2\/posts\/72621\/revisions"}],"predecessor-version":[{"id":72623,"href":"https:\/\/www.caririemacao.com\/1\/wp-json\/wp\/v2\/posts\/72621\/revisions\/72623"}],"wp:featuredmedia":[{"embeddable":true,"href":"https:\/\/www.caririemacao.com\/1\/wp-json\/wp\/v2\/media\/72622"}],"wp:attachment":[{"href":"https:\/\/www.caririemacao.com\/1\/wp-json\/wp\/v2\/media?parent=72621"}],"wp:term":[{"taxonomy":"category","embeddable":true,"href":"https:\/\/www.caririemacao.com\/1\/wp-json\/wp\/v2\/categories?post=72621"},{"taxonomy":"post_tag","embeddable":true,"href":"https:\/\/www.caririemacao.com\/1\/wp-json\/wp\/v2\/tags?post=72621"}],"curies":[{"name":"wp","href":"https:\/\/api.w.org\/{rel}","templated":true}]}}