{"id":72635,"date":"2018-11-12T18:16:55","date_gmt":"2018-11-12T21:16:55","guid":{"rendered":"http:\/\/www.caririemacao.com\/1\/?p=72635"},"modified":"2018-11-12T18:16:55","modified_gmt":"2018-11-12T21:16:55","slug":"flavio-dino-edita-decreto-contra-escola-sem-partido-no-maranhao","status":"publish","type":"post","link":"https:\/\/www.caririemacao.com\/1\/2018\/11\/12\/flavio-dino-edita-decreto-contra-escola-sem-partido-no-maranhao\/","title":{"rendered":"Fl\u00e1vio Dino edita decreto contra \u201cEscola sem partido\u201d no Maranh\u00e3o"},"content":{"rendered":"<p>O governador do Maranh\u00e3o, Fl\u00e1vio Dino (PCdoB), assinou, nesta segunda-feira (12), um decreto em resposta ao projeto \u201cEscola sem Partido\u201d. Reeleito para o segundo mandato ainda no primeiro turno das elei\u00e7\u00f5es deste ano, Dino anunciou a decis\u00e3o em sua conta no Twitter.<\/p>\n<p>\u201cFalar em &#8216;Escola Sem Partido&#8217; tem servido para encobrir prop\u00f3sitos autorit\u00e1rios incompat\u00edveis com a nossa Constitui\u00e7\u00e3o e com uma educa\u00e7\u00e3o digna\u201d, escreveu o governador maranhense, na publica\u00e7\u00e3o que tamb\u00e9m tem as fotos com a \u00edntegra do decreto.<\/p>\n<p><img fetchpriority=\"high\" decoding=\"async\" class=\"aligncenter wp-image-72638 size-full\" src=\"http:\/\/www.caririemacao.com\/1\/wp-content\/uploads\/2018\/11\/fl.png\" alt=\"\" width=\"587\" height=\"404\" srcset=\"https:\/\/www.caririemacao.com\/1\/wp-content\/uploads\/2018\/11\/fl.png 587w, https:\/\/www.caririemacao.com\/1\/wp-content\/uploads\/2018\/11\/fl-300x206.png 300w, https:\/\/www.caririemacao.com\/1\/wp-content\/uploads\/2018\/11\/fl-130x90.png 130w\" sizes=\"(max-width: 587px) 100vw, 587px\" \/><\/p>\n<p>Editei agora Decreto garantindo Escolas com Liberdade e Sem Censura no Maranh\u00e3o, nos termos do artigo 206 da Constitui\u00e7\u00e3o Federal. Falar em \u201cEscola Sem Partido\u201d tem servido para encobrir prop\u00f3sitos autorit\u00e1rios incompat\u00edveis com a nossa Constitui\u00e7\u00e3o e com uma educa\u00e7\u00e3o digna. Disse o governador reeleito em\u00a0sua conta no Twitter.<\/p>\n<p>O projeto \u201cEscola sem partido\u201d est\u00e1 em discuss\u00e3o em comiss\u00e3o especial na C\u00e2mara dos Deputados. O texto do relator, o deputado Flavinho (PSC-SP) est\u00e1 pronto para ser votado na comiss\u00e3o e, por tramitar de forma conclusiva, pode ir direto para o Senado, sem passar pelo plen\u00e1rio da C\u00e2mara. A vota\u00e7\u00e3o do relat\u00f3rio foi adiada novamente na semana passada, com nova sess\u00e3o marcada para amanh\u00e3 (ter\u00e7a, 13) de manh\u00e3.\u00a0A proposta \u00e9 criticada por professores, educadores e pelo atual ministro da Educa\u00e7\u00e3o, Rossieli Soares.<\/p>\n<p class=\"bs-padding-2-1\" style=\"text-align: right;\"><em><strong>Congresso em Foco\/Foto: Internet\u00a0<\/strong><\/em><\/p>\n","protected":false},"excerpt":{"rendered":"<p>O governador do Maranh\u00e3o, Fl\u00e1vio Dino (PCdoB), assinou, nesta segunda-feira (12), um decreto em resposta ao projeto \u201cEscola sem Partido\u201d. Reeleito para o segundo mandato&hellip; <\/p>\n","protected":false},"author":1,"featured_media":72637,"comment_status":"closed","ping_status":"closed","sticky":false,"template":"","format":"standard","meta":{"sfsi_plus_gutenberg_text_before_share":"","sfsi_plus_gutenberg_show_text_before_share":"","sfsi_plus_gutenberg_icon_type":"","sfsi_plus_gutenberg_icon_alignemt":"","sfsi_plus_gutenburg_max_per_row":"","footnotes":""},"categories":[11],"tags":[],"class_list":["post-72635","post","type-post","status-publish","format-standard","has-post-thumbnail","hentry","category-politica"],"_links":{"self":[{"href":"https:\/\/www.caririemacao.com\/1\/wp-json\/wp\/v2\/posts\/72635","targetHints":{"allow":["GET"]}}],"collection":[{"href":"https:\/\/www.caririemacao.com\/1\/wp-json\/wp\/v2\/posts"}],"about":[{"href":"https:\/\/www.caririemacao.com\/1\/wp-json\/wp\/v2\/types\/post"}],"author":[{"embeddable":true,"href":"https:\/\/www.caririemacao.com\/1\/wp-json\/wp\/v2\/users\/1"}],"replies":[{"embeddable":true,"href":"https:\/\/www.caririemacao.com\/1\/wp-json\/wp\/v2\/comments?post=72635"}],"version-history":[{"count":1,"href":"https:\/\/www.caririemacao.com\/1\/wp-json\/wp\/v2\/posts\/72635\/revisions"}],"predecessor-version":[{"id":72639,"href":"https:\/\/www.caririemacao.com\/1\/wp-json\/wp\/v2\/posts\/72635\/revisions\/72639"}],"wp:featuredmedia":[{"embeddable":true,"href":"https:\/\/www.caririemacao.com\/1\/wp-json\/wp\/v2\/media\/72637"}],"wp:attachment":[{"href":"https:\/\/www.caririemacao.com\/1\/wp-json\/wp\/v2\/media?parent=72635"}],"wp:term":[{"taxonomy":"category","embeddable":true,"href":"https:\/\/www.caririemacao.com\/1\/wp-json\/wp\/v2\/categories?post=72635"},{"taxonomy":"post_tag","embeddable":true,"href":"https:\/\/www.caririemacao.com\/1\/wp-json\/wp\/v2\/tags?post=72635"}],"curies":[{"name":"wp","href":"https:\/\/api.w.org\/{rel}","templated":true}]}}