{"id":72640,"date":"2018-11-12T18:28:32","date_gmt":"2018-11-12T21:28:32","guid":{"rendered":"http:\/\/www.caririemacao.com\/1\/?p=72640"},"modified":"2018-11-12T18:33:14","modified_gmt":"2018-11-12T21:33:14","slug":"vice-prefeito-arimatea-porto-comenta-pesquisa-do-cariri-em-acao-para-o-premio-referencia-2018-em-santo-andre-pb","status":"publish","type":"post","link":"https:\/\/www.caririemacao.com\/1\/2018\/11\/12\/vice-prefeito-arimatea-porto-comenta-pesquisa-do-cariri-em-acao-para-o-premio-referencia-2018-em-santo-andre-pb\/","title":{"rendered":"Vice-prefeito Arimat\u00e9a Porto comenta pesquisa do Cariri em A\u00e7\u00e3o para o Pr\u00eamio Refer\u00eancia 2018 em Santo Andr\u00e9\/PB"},"content":{"rendered":"<p>O vice-prefeito de Santo Andr\u00e9 Arimat\u00e9a Porto comentou nesta segunda-feira (12) o resultado de uma pesquisa realizada em 23 munic\u00edpios, sendo 19 na regi\u00e3o do Cariri paraibano e 04 cidades do Estado de Pernambuco. A pesquisa foi realizada entre os dias 15 e 31 de outubro pelo portal de not\u00edcias Cariri em A\u00e7\u00e3o.<\/p>\n<p>O vice-prefeito al\u00e9m de receber o destaque de Cidad\u00e3o Referencia 2018 no munic\u00edpio, tamb\u00e9m teve uma avalia\u00e7\u00e3o pol\u00edtica positiva, alcan\u00e7ando uma aprova\u00e7\u00e3o equivalente a 69% dos entrevistados.<\/p>\n<p>\u201cFoi uma surpresa para mim, por\u00e9m recebo com muita alegria o resultado dessa pesquisa realizado pelo Cariri em A\u00e7\u00e3o, pois conhe\u00e7o bem o diretor do portal Marivaldo Alc\u00e2ntara e sei da sua compet\u00eancia e seriedade quando se trata desse tipo de trabalho. Fico verdadeiramente muito agradecido ao povo de Santo Andr\u00e9 por ser lembrado, e isso nos mostra que estamos no caminho certo, trabalhando para o povo. Espero poder contribuir cada vez mais para o desenvolvimento dessa terra que tanto amo. Chegando a infraestrutura, sonho com um Santo Andr\u00e9 com uma agricultura desenvolvida e moderna, como tamb\u00e9m na \u00e1rea mineral e com empreendimentos que gere empregos a toda juventude de Santo Andr\u00e9, uma cidade modelo com boa qualidade de vida para todos. Por fim agrade\u00e7o mais uma vez o povo de Santo Andr\u00e9, e parabenizo Marivaldo Alc\u00e2ntara, Gutyelson Henrik e toda equipe do Cariri em A\u00e7\u00e3o pela iniciativa.\u201d Finalizou o vice-prefeito.<\/p>\n<p style=\"text-align: right;\"><em><strong>Ascom\/Foto Cariri em A\u00e7\u00e3o\u00a0<\/strong><\/em><\/p>\n","protected":false},"excerpt":{"rendered":"<p>O vice-prefeito de Santo Andr\u00e9 Arimat\u00e9a Porto comentou nesta segunda-feira (12) o resultado de uma pesquisa realizada em 23 munic\u00edpios, sendo 19 na regi\u00e3o do&hellip; <\/p>\n","protected":false},"author":1,"featured_media":72641,"comment_status":"closed","ping_status":"closed","sticky":false,"template":"","format":"standard","meta":{"sfsi_plus_gutenberg_text_before_share":"","sfsi_plus_gutenberg_show_text_before_share":"","sfsi_plus_gutenberg_icon_type":"","sfsi_plus_gutenberg_icon_alignemt":"","sfsi_plus_gutenburg_max_per_row":"","footnotes":""},"categories":[50,2],"tags":[],"class_list":["post-72640","post","type-post","status-publish","format-standard","has-post-thumbnail","hentry","category-destaque","category-geral"],"_links":{"self":[{"href":"https:\/\/www.caririemacao.com\/1\/wp-json\/wp\/v2\/posts\/72640","targetHints":{"allow":["GET"]}}],"collection":[{"href":"https:\/\/www.caririemacao.com\/1\/wp-json\/wp\/v2\/posts"}],"about":[{"href":"https:\/\/www.caririemacao.com\/1\/wp-json\/wp\/v2\/types\/post"}],"author":[{"embeddable":true,"href":"https:\/\/www.caririemacao.com\/1\/wp-json\/wp\/v2\/users\/1"}],"replies":[{"embeddable":true,"href":"https:\/\/www.caririemacao.com\/1\/wp-json\/wp\/v2\/comments?post=72640"}],"version-history":[{"count":1,"href":"https:\/\/www.caririemacao.com\/1\/wp-json\/wp\/v2\/posts\/72640\/revisions"}],"predecessor-version":[{"id":72642,"href":"https:\/\/www.caririemacao.com\/1\/wp-json\/wp\/v2\/posts\/72640\/revisions\/72642"}],"wp:featuredmedia":[{"embeddable":true,"href":"https:\/\/www.caririemacao.com\/1\/wp-json\/wp\/v2\/media\/72641"}],"wp:attachment":[{"href":"https:\/\/www.caririemacao.com\/1\/wp-json\/wp\/v2\/media?parent=72640"}],"wp:term":[{"taxonomy":"category","embeddable":true,"href":"https:\/\/www.caririemacao.com\/1\/wp-json\/wp\/v2\/categories?post=72640"},{"taxonomy":"post_tag","embeddable":true,"href":"https:\/\/www.caririemacao.com\/1\/wp-json\/wp\/v2\/tags?post=72640"}],"curies":[{"name":"wp","href":"https:\/\/api.w.org\/{rel}","templated":true}]}}