{"id":72643,"date":"2018-11-12T18:32:29","date_gmt":"2018-11-12T21:32:29","guid":{"rendered":"http:\/\/www.caririemacao.com\/1\/?p=72643"},"modified":"2018-11-12T18:32:29","modified_gmt":"2018-11-12T21:32:29","slug":"vereadores-de-sao-joao-do-cariri-se-reunem-e-discutem-reforma-de-clube-municipal","status":"publish","type":"post","link":"https:\/\/www.caririemacao.com\/1\/2018\/11\/12\/vereadores-de-sao-joao-do-cariri-se-reunem-e-discutem-reforma-de-clube-municipal\/","title":{"rendered":"Vereadores de S\u00e3o Jo\u00e3o do Cariri se re\u00fanem e discutem reforma de Clube Municipal"},"content":{"rendered":"<p>Os vereadores de S\u00e3o Jo\u00e3o do Cariri se reuniram na noite desta sexta-feira (09) para discutir diversos assuntos de interesse da popula\u00e7\u00e3o s\u00e3ojo\u00e3oense. A sess\u00e3o foi conduzida pelo presidente H\u00e9lio Marais (PSDB) e contou com a presen\u00e7a de todos os vereadores.<\/p>\n<p>Durante os trabalhos foi apresentado um requerimento de autoria do vereador Chic\u00e3o Medeiros, no requerimento o parlamentar solicitou da gest\u00e3o do prefeito Cosme Gon\u00e7alves a religa\u00e7\u00e3o da \u00e1gua do cemit\u00e9rio p\u00fablico do distrito de Malhada de Ro\u00e7a. O vereador justificou que a solicita\u00e7\u00e3o \u00e9 um desejo antigo da comunidade.<\/p>\n<p>Al\u00e9m da principal aprova\u00e7\u00e3o da noite, os vereadores travaram uma s\u00e9rie de debates sobre quest\u00f5es que influenciam a vida da popula\u00e7\u00e3o, o tema que ganhou destaque na \u00faltima sexta feira foi relacionado \u00e0 problem\u00e1tica do Clube Municipal.<\/p>\n<p>O Clube Municipal de Malhada da Ro\u00e7a est\u00e1 passando por reformas, e por decis\u00e3o da gest\u00e3o municipal o local ser\u00e1 transformado em banheiro p\u00fablico, fato que despertou uma indigna\u00e7\u00e3o nos moradores, que utilizava o espa\u00e7o para a realiza\u00e7\u00e3o de festas e confraterniza\u00e7\u00f5es.<\/p>\n<p style=\"text-align: right;\"><em><strong>Reda\u00e7\u00e3o Cariri em A\u00e7\u00e3o\u00a0<\/strong><\/em><\/p>\n","protected":false},"excerpt":{"rendered":"<p>Os vereadores de S\u00e3o Jo\u00e3o do Cariri se reuniram na noite desta sexta-feira (09) para discutir diversos assuntos de interesse da popula\u00e7\u00e3o s\u00e3ojo\u00e3oense. A sess\u00e3o&hellip; <\/p>\n","protected":false},"author":1,"featured_media":69146,"comment_status":"closed","ping_status":"closed","sticky":false,"template":"","format":"standard","meta":{"sfsi_plus_gutenberg_text_before_share":"","sfsi_plus_gutenberg_show_text_before_share":"","sfsi_plus_gutenberg_icon_type":"","sfsi_plus_gutenberg_icon_alignemt":"","sfsi_plus_gutenburg_max_per_row":"","footnotes":""},"categories":[11],"tags":[],"class_list":["post-72643","post","type-post","status-publish","format-standard","has-post-thumbnail","hentry","category-politica"],"_links":{"self":[{"href":"https:\/\/www.caririemacao.com\/1\/wp-json\/wp\/v2\/posts\/72643","targetHints":{"allow":["GET"]}}],"collection":[{"href":"https:\/\/www.caririemacao.com\/1\/wp-json\/wp\/v2\/posts"}],"about":[{"href":"https:\/\/www.caririemacao.com\/1\/wp-json\/wp\/v2\/types\/post"}],"author":[{"embeddable":true,"href":"https:\/\/www.caririemacao.com\/1\/wp-json\/wp\/v2\/users\/1"}],"replies":[{"embeddable":true,"href":"https:\/\/www.caririemacao.com\/1\/wp-json\/wp\/v2\/comments?post=72643"}],"version-history":[{"count":1,"href":"https:\/\/www.caririemacao.com\/1\/wp-json\/wp\/v2\/posts\/72643\/revisions"}],"predecessor-version":[{"id":72644,"href":"https:\/\/www.caririemacao.com\/1\/wp-json\/wp\/v2\/posts\/72643\/revisions\/72644"}],"wp:featuredmedia":[{"embeddable":true,"href":"https:\/\/www.caririemacao.com\/1\/wp-json\/wp\/v2\/media\/69146"}],"wp:attachment":[{"href":"https:\/\/www.caririemacao.com\/1\/wp-json\/wp\/v2\/media?parent=72643"}],"wp:term":[{"taxonomy":"category","embeddable":true,"href":"https:\/\/www.caririemacao.com\/1\/wp-json\/wp\/v2\/categories?post=72643"},{"taxonomy":"post_tag","embeddable":true,"href":"https:\/\/www.caririemacao.com\/1\/wp-json\/wp\/v2\/tags?post=72643"}],"curies":[{"name":"wp","href":"https:\/\/api.w.org\/{rel}","templated":true}]}}