{"id":72645,"date":"2018-11-12T18:40:23","date_gmt":"2018-11-12T21:40:23","guid":{"rendered":"http:\/\/www.caririemacao.com\/1\/?p=72645"},"modified":"2018-11-12T18:41:22","modified_gmt":"2018-11-12T21:41:22","slug":"camara-de-gurjao-se-reune-e-aprova-demandas-da-populacao","status":"publish","type":"post","link":"https:\/\/www.caririemacao.com\/1\/2018\/11\/12\/camara-de-gurjao-se-reune-e-aprova-demandas-da-populacao\/","title":{"rendered":"C\u00e2mara de Gurj\u00e3o se re\u00fane e aprova demandas da popula\u00e7\u00e3o"},"content":{"rendered":"<p>Os vereadores de Gurj\u00e3o estiveram reunidos na noite desta sexta-feira, dia 09, para debater e aprovar demandas da popula\u00e7\u00e3o. Durante a sess\u00e3o presidida pelo vereador Adailsinho Queiroz foram apresentados v\u00e1rios requerimentos.<\/p>\n<p><img fetchpriority=\"high\" decoding=\"async\" class=\"aligncenter wp-image-51553 size-full\" src=\"http:\/\/www.caririemacao.com\/1\/wp-content\/uploads\/2018\/05\/Sess\u00e3o-C\u00e2mara-de-Gurj\u00e3o-2.jpg\" alt=\"\" width=\"800\" height=\"533\" srcset=\"https:\/\/www.caririemacao.com\/1\/wp-content\/uploads\/2018\/05\/Sess\u00e3o-C\u00e2mara-de-Gurj\u00e3o-2.jpg 800w, https:\/\/www.caririemacao.com\/1\/wp-content\/uploads\/2018\/05\/Sess\u00e3o-C\u00e2mara-de-Gurj\u00e3o-2-300x200.jpg 300w, https:\/\/www.caririemacao.com\/1\/wp-content\/uploads\/2018\/05\/Sess\u00e3o-C\u00e2mara-de-Gurj\u00e3o-2-768x512.jpg 768w\" sizes=\"(max-width: 800px) 100vw, 800px\" \/><\/p>\n<p>O vereador Alexsandro Cavalcante apresentou um requerimento onde solicitou do prefeito Ronaldo Queiroz a conclus\u00e3o da obra iniciada no grupo escolar de comunidade do Estreito munic\u00edpio.<\/p>\n<p><img decoding=\"async\" class=\"aligncenter wp-image-51554 size-full lazyload\" data-src=\"http:\/\/www.caririemacao.com\/1\/wp-content\/uploads\/2018\/05\/Sess\u00e3o-C\u00e2mara-de-Gurj\u00e3o-3.jpg\" alt=\"\" width=\"800\" height=\"533\" data-srcset=\"https:\/\/www.caririemacao.com\/1\/wp-content\/uploads\/2018\/05\/Sess\u00e3o-C\u00e2mara-de-Gurj\u00e3o-3.jpg 800w, https:\/\/www.caririemacao.com\/1\/wp-content\/uploads\/2018\/05\/Sess\u00e3o-C\u00e2mara-de-Gurj\u00e3o-3-300x200.jpg 300w, https:\/\/www.caririemacao.com\/1\/wp-content\/uploads\/2018\/05\/Sess\u00e3o-C\u00e2mara-de-Gurj\u00e3o-3-768x512.jpg 768w\" data-sizes=\"(max-width: 800px) 100vw, 800px\" src=\"data:image\/svg+xml;base64,PHN2ZyB3aWR0aD0iMSIgaGVpZ2h0PSIxIiB4bWxucz0iaHR0cDovL3d3dy53My5vcmcvMjAwMC9zdmciPjwvc3ZnPg==\" style=\"--smush-placeholder-width: 800px; --smush-placeholder-aspect-ratio: 800\/533;\" \/>J\u00e1 o vereador Diogo Coutinho Ramos fez uma solicita\u00e7\u00e3o \u00e0 gest\u00e3o municipal pedindo para que seja analisada a possibilidade da implanta\u00e7\u00e3o de hortas nas escolas municipais. O vereador destacou que a medida pode estimular h\u00e1bitos alimentares mais saud\u00e1veis e a preserva\u00e7\u00e3o do meio ambiente.<\/p>\n<p><img decoding=\"async\" class=\"aligncenter wp-image-65123 size-full lazyload\" data-src=\"http:\/\/www.caririemacao.com\/1\/wp-content\/uploads\/2018\/09\/Gilberto-Gurj\u00e3o.jpg\" alt=\"\" width=\"800\" height=\"533\" data-srcset=\"https:\/\/www.caririemacao.com\/1\/wp-content\/uploads\/2018\/09\/Gilberto-Gurj\u00e3o.jpg 800w, https:\/\/www.caririemacao.com\/1\/wp-content\/uploads\/2018\/09\/Gilberto-Gurj\u00e3o-300x200.jpg 300w, https:\/\/www.caririemacao.com\/1\/wp-content\/uploads\/2018\/09\/Gilberto-Gurj\u00e3o-768x512.jpg 768w\" data-sizes=\"(max-width: 800px) 100vw, 800px\" src=\"data:image\/svg+xml;base64,PHN2ZyB3aWR0aD0iMSIgaGVpZ2h0PSIxIiB4bWxucz0iaHR0cDovL3d3dy53My5vcmcvMjAwMC9zdmciPjwvc3ZnPg==\" style=\"--smush-placeholder-width: 800px; --smush-placeholder-aspect-ratio: 800\/533;\" \/>O vereador Gilberto Oliveira solicitou ao prefeito Ronaldo Queiroz que seja feito um levantamento das obras que est\u00e3o inacabadas ou paradas no munic\u00edpio, e que se poss\u00edvel sejam criada as condi\u00e7\u00f5es necess\u00e1ria s para que as mesmas sejam conclu\u00eddas entregues a popula\u00e7\u00e3o.<\/p>\n<p><img decoding=\"async\" class=\"aligncenter wp-image-65124 size-full lazyload\" data-src=\"http:\/\/www.caririemacao.com\/1\/wp-content\/uploads\/2018\/09\/Macelo-Farias-Gurj\u00e3o.jpg\" alt=\"\" width=\"800\" height=\"533\" data-srcset=\"https:\/\/www.caririemacao.com\/1\/wp-content\/uploads\/2018\/09\/Macelo-Farias-Gurj\u00e3o.jpg 800w, https:\/\/www.caririemacao.com\/1\/wp-content\/uploads\/2018\/09\/Macelo-Farias-Gurj\u00e3o-300x200.jpg 300w, https:\/\/www.caririemacao.com\/1\/wp-content\/uploads\/2018\/09\/Macelo-Farias-Gurj\u00e3o-768x512.jpg 768w\" data-sizes=\"(max-width: 800px) 100vw, 800px\" src=\"data:image\/svg+xml;base64,PHN2ZyB3aWR0aD0iMSIgaGVpZ2h0PSIxIiB4bWxucz0iaHR0cDovL3d3dy53My5vcmcvMjAwMC9zdmciPjwvc3ZnPg==\" style=\"--smush-placeholder-width: 800px; --smush-placeholder-aspect-ratio: 800\/533;\" \/><\/p>\n<p>O vereador Marcelo Farias tamb\u00e9m encaminhou solicita\u00e7\u00e3o ao prefeito afim de que seja feita a implanta\u00e7\u00e3o do sinal de TV digital no munic\u00edpio de Gurj\u00e3o e o requerimento foi aprovado por unanimidade.<\/p>\n<p><img decoding=\"async\" class=\"aligncenter wp-image-51557 size-full lazyload\" data-src=\"http:\/\/www.caririemacao.com\/1\/wp-content\/uploads\/2018\/05\/Sess\u00e3o-C\u00e2mara-de-Gurj\u00e3o-6.jpg\" alt=\"\" width=\"800\" height=\"533\" data-srcset=\"https:\/\/www.caririemacao.com\/1\/wp-content\/uploads\/2018\/05\/Sess\u00e3o-C\u00e2mara-de-Gurj\u00e3o-6.jpg 800w, https:\/\/www.caririemacao.com\/1\/wp-content\/uploads\/2018\/05\/Sess\u00e3o-C\u00e2mara-de-Gurj\u00e3o-6-300x200.jpg 300w, https:\/\/www.caririemacao.com\/1\/wp-content\/uploads\/2018\/05\/Sess\u00e3o-C\u00e2mara-de-Gurj\u00e3o-6-768x512.jpg 768w\" data-sizes=\"(max-width: 800px) 100vw, 800px\" src=\"data:image\/svg+xml;base64,PHN2ZyB3aWR0aD0iMSIgaGVpZ2h0PSIxIiB4bWxucz0iaHR0cDovL3d3dy53My5vcmcvMjAwMC9zdmciPjwvc3ZnPg==\" style=\"--smush-placeholder-width: 800px; --smush-placeholder-aspect-ratio: 800\/533;\" \/><\/p>\n<p>Por fim, foi aprovado um requerimento solicitando a conclus\u00e3o do sistema de abastecimento d&#8217;\u00e1gua no S\u00edtio Mour\u00f5es. De acordo com o pedido, a conclus\u00e3o do sistema \u00e9 um apelo dos moradores da comunidade que ainda n\u00e3o tiveram suas resid\u00eancias contempladas na primeira fase do projeto. O requerimento foi apresentado pelo vereador presidente Adailsinho Queiroz e foi aprovado por unanimidade pelo parlamento.<\/p>\n<p style=\"text-align: right;\"><em><strong>Reda\u00e7\u00e3o Cariri em A\u00e7\u00e3o\u00a0<\/strong><\/em><\/p>\n","protected":false},"excerpt":{"rendered":"<p>Os vereadores de Gurj\u00e3o estiveram reunidos na noite desta sexta-feira, dia 09, para debater e aprovar demandas da popula\u00e7\u00e3o. Durante a sess\u00e3o presidida pelo vereador&hellip; <\/p>\n","protected":false},"author":1,"featured_media":25292,"comment_status":"closed","ping_status":"closed","sticky":false,"template":"","format":"standard","meta":{"sfsi_plus_gutenberg_text_before_share":"","sfsi_plus_gutenberg_show_text_before_share":"","sfsi_plus_gutenberg_icon_type":"","sfsi_plus_gutenberg_icon_alignemt":"","sfsi_plus_gutenburg_max_per_row":"","footnotes":""},"categories":[6],"tags":[],"class_list":["post-72645","post","type-post","status-publish","format-standard","has-post-thumbnail","hentry","category-cidades"],"_links":{"self":[{"href":"https:\/\/www.caririemacao.com\/1\/wp-json\/wp\/v2\/posts\/72645","targetHints":{"allow":["GET"]}}],"collection":[{"href":"https:\/\/www.caririemacao.com\/1\/wp-json\/wp\/v2\/posts"}],"about":[{"href":"https:\/\/www.caririemacao.com\/1\/wp-json\/wp\/v2\/types\/post"}],"author":[{"embeddable":true,"href":"https:\/\/www.caririemacao.com\/1\/wp-json\/wp\/v2\/users\/1"}],"replies":[{"embeddable":true,"href":"https:\/\/www.caririemacao.com\/1\/wp-json\/wp\/v2\/comments?post=72645"}],"version-history":[{"count":1,"href":"https:\/\/www.caririemacao.com\/1\/wp-json\/wp\/v2\/posts\/72645\/revisions"}],"predecessor-version":[{"id":72651,"href":"https:\/\/www.caririemacao.com\/1\/wp-json\/wp\/v2\/posts\/72645\/revisions\/72651"}],"wp:featuredmedia":[{"embeddable":true,"href":"https:\/\/www.caririemacao.com\/1\/wp-json\/wp\/v2\/media\/25292"}],"wp:attachment":[{"href":"https:\/\/www.caririemacao.com\/1\/wp-json\/wp\/v2\/media?parent=72645"}],"wp:term":[{"taxonomy":"category","embeddable":true,"href":"https:\/\/www.caririemacao.com\/1\/wp-json\/wp\/v2\/categories?post=72645"},{"taxonomy":"post_tag","embeddable":true,"href":"https:\/\/www.caririemacao.com\/1\/wp-json\/wp\/v2\/tags?post=72645"}],"curies":[{"name":"wp","href":"https:\/\/api.w.org\/{rel}","templated":true}]}}