{"id":72652,"date":"2018-11-12T18:50:09","date_gmt":"2018-11-12T21:50:09","guid":{"rendered":"http:\/\/www.caririemacao.com\/1\/?p=72652"},"modified":"2018-11-12T18:50:09","modified_gmt":"2018-11-12T21:50:09","slug":"homem-e-preso-suspeito-de-estuprar-crianca-de-8-anos-durante-vaquejada-na-paraiba","status":"publish","type":"post","link":"https:\/\/www.caririemacao.com\/1\/2018\/11\/12\/homem-e-preso-suspeito-de-estuprar-crianca-de-8-anos-durante-vaquejada-na-paraiba\/","title":{"rendered":"Homem \u00e9 preso suspeito de estuprar crian\u00e7a de 8 anos durante vaquejada na Para\u00edba"},"content":{"rendered":"<p>Um homem foi preso no domingo (11) suspeito de estuprar uma crian\u00e7a de 8 anos na cidade de Bonito de Santa F\u00e9, no Sert\u00e3o da Para\u00edba. De acordo com o delegado de Pol\u00edcia Civil, Glauber Ant\u00f4nio Fontes, respons\u00e1vel pelo caso, o suspeito foi detido ap\u00f3s ser flagrado por moradores com a a crian\u00e7a dentro de um carro, no local onde acontecia uma vaquejada.<\/p>\n<p>A pol\u00edcia foi acionada ao local por moradores da regi\u00e3o que presenciaram o momento em que o suspeito tentava estuprar a crian\u00e7a. A PM encontrou o suspeito ferido, ap\u00f3s ele ser retirado do carro e agredido por algumas pessoas que estavam no local.<\/p>\n<p>Segundo o delegado, o homem foi identificado como Ismael Brito Izaquiel, de 21 anos. Ele foi levado para o Hospital Regional de Cajazeiras e, ap\u00f3s receber alta, foi encaminhado para a Cadeia P\u00fablica da cidade, onde permanece detido aguardando a audi\u00eancia de cust\u00f3dia.<\/p>\n<p>Glauber Fontes informou ainda que o laudo dos exames da crian\u00e7a apontaram que o suspeito n\u00e3o chegou a consumar o ato sexual. \u201cMesmo ele n\u00e3o tendo consumado o ato, o caso \u00e9 considerado crime pela Lei, ent\u00e3o ele vai responder por estupro de vulner\u00e1vel\u201d, disse o delegado.<\/p>\n<p>Ainda de acordo com o delegado, a crian\u00e7a ser\u00e1 encaminhada para a assistente social da prefeitura da cidade, para que haja um acompanhamento psicol\u00f3gico. Os pais dela ainda ser\u00e3o ouvidos pela Pol\u00edcia Civil.<\/p>\n<p>G1 PB<\/p>\n","protected":false},"excerpt":{"rendered":"<p>Um homem foi preso no domingo (11) suspeito de estuprar uma crian\u00e7a de 8 anos na cidade de Bonito de Santa F\u00e9, no Sert\u00e3o da&hellip; <\/p>\n","protected":false},"author":1,"featured_media":66830,"comment_status":"closed","ping_status":"closed","sticky":false,"template":"","format":"standard","meta":{"sfsi_plus_gutenberg_text_before_share":"","sfsi_plus_gutenberg_show_text_before_share":"","sfsi_plus_gutenberg_icon_type":"","sfsi_plus_gutenberg_icon_alignemt":"","sfsi_plus_gutenburg_max_per_row":"","footnotes":""},"categories":[12],"tags":[],"class_list":["post-72652","post","type-post","status-publish","format-standard","has-post-thumbnail","hentry","category-policia"],"_links":{"self":[{"href":"https:\/\/www.caririemacao.com\/1\/wp-json\/wp\/v2\/posts\/72652","targetHints":{"allow":["GET"]}}],"collection":[{"href":"https:\/\/www.caririemacao.com\/1\/wp-json\/wp\/v2\/posts"}],"about":[{"href":"https:\/\/www.caririemacao.com\/1\/wp-json\/wp\/v2\/types\/post"}],"author":[{"embeddable":true,"href":"https:\/\/www.caririemacao.com\/1\/wp-json\/wp\/v2\/users\/1"}],"replies":[{"embeddable":true,"href":"https:\/\/www.caririemacao.com\/1\/wp-json\/wp\/v2\/comments?post=72652"}],"version-history":[{"count":1,"href":"https:\/\/www.caririemacao.com\/1\/wp-json\/wp\/v2\/posts\/72652\/revisions"}],"predecessor-version":[{"id":72653,"href":"https:\/\/www.caririemacao.com\/1\/wp-json\/wp\/v2\/posts\/72652\/revisions\/72653"}],"wp:featuredmedia":[{"embeddable":true,"href":"https:\/\/www.caririemacao.com\/1\/wp-json\/wp\/v2\/media\/66830"}],"wp:attachment":[{"href":"https:\/\/www.caririemacao.com\/1\/wp-json\/wp\/v2\/media?parent=72652"}],"wp:term":[{"taxonomy":"category","embeddable":true,"href":"https:\/\/www.caririemacao.com\/1\/wp-json\/wp\/v2\/categories?post=72652"},{"taxonomy":"post_tag","embeddable":true,"href":"https:\/\/www.caririemacao.com\/1\/wp-json\/wp\/v2\/tags?post=72652"}],"curies":[{"name":"wp","href":"https:\/\/api.w.org\/{rel}","templated":true}]}}