{"id":72657,"date":"2018-11-12T21:46:33","date_gmt":"2018-11-13T00:46:33","guid":{"rendered":"http:\/\/www.caririemacao.com\/1\/?p=72657"},"modified":"2018-11-12T21:46:33","modified_gmt":"2018-11-13T00:46:33","slug":"vitoria-dos-aliados-no-premio-referencia-atesta-lideranca-do-prefeito-sandro-moco-em-camalau","status":"publish","type":"post","link":"https:\/\/www.caririemacao.com\/1\/2018\/11\/12\/vitoria-dos-aliados-no-premio-referencia-atesta-lideranca-do-prefeito-sandro-moco-em-camalau\/","title":{"rendered":"Vit\u00f3ria dos aliados no premio REFERENCIA atesta lideran\u00e7a do prefeito Sandro M\u00f4co em Camala\u00fa"},"content":{"rendered":"<p>O resultado da vota\u00e7\u00e3o popular do PREMIO REFRENCIA 2018 em Camala\u00fa mostraram a aceita\u00e7\u00e3o, reconhecimento e lideran\u00e7a do prefeito Sandro M\u00f4co na cidade de Camala\u00fa, em detrimento da oposi\u00e7\u00e3o, que com seu discurso de raiva e comportamento sistem\u00e1tico tem ca\u00eddo ainda mais no conceito do povo camalauense.<\/p>\n<p>Os 3 vereadores indicados como referencias do munic\u00edpio fazem parte da base do prefeito, Bezerr\u00e3o, C\u00e9lio M\u00f4co e Bhira Mariano, comprovando que a popula\u00e7\u00e3o n\u00e3o visualiza trabalho digno de elogio por parte do grupo oposicionista.<\/p>\n<p>J\u00e1 os agentes pol\u00edticos indicados como as referencias de Camala\u00fa na premia\u00e7\u00e3o, s\u00e3o todos ligados ao grupo do prefeito municipal.<\/p>\n<p>O deputado estadual \u00e9 Jo\u00e3o Henrique e o deputado federal Pedro Cunha Lima s\u00e3o aliados e parceiros da gest\u00e3o do prefeito, o que \u00e9 altamente aprovado pela popula\u00e7\u00e3o<\/p>\n<p>O prefeito Sandro M\u00f4co teve 72% de aprova\u00e7\u00e3o ao seu mandato, e o vice prefeito Kiel chegou \u00e0 88% de aprova\u00e7\u00e3o.<\/p>\n<p>S\u00e3o n\u00fameros que comprovam, que a atual gest\u00e3o est\u00e1 no caminho certo, e que o povo reconhece o trabalho que \u00e9 bem feito.<\/p>\n<p><strong>Blog F\u00c1BIO BRITO<\/strong><\/p>\n","protected":false},"excerpt":{"rendered":"<p>O resultado da vota\u00e7\u00e3o popular do PREMIO REFRENCIA 2018 em Camala\u00fa mostraram a aceita\u00e7\u00e3o, reconhecimento e lideran\u00e7a do prefeito Sandro M\u00f4co na cidade de Camala\u00fa,&hellip; <\/p>\n","protected":false},"author":1,"featured_media":72658,"comment_status":"closed","ping_status":"closed","sticky":false,"template":"","format":"standard","meta":{"sfsi_plus_gutenberg_text_before_share":"","sfsi_plus_gutenberg_show_text_before_share":"","sfsi_plus_gutenberg_icon_type":"","sfsi_plus_gutenberg_icon_alignemt":"","sfsi_plus_gutenburg_max_per_row":"","footnotes":""},"categories":[11],"tags":[],"class_list":["post-72657","post","type-post","status-publish","format-standard","has-post-thumbnail","hentry","category-politica"],"_links":{"self":[{"href":"https:\/\/www.caririemacao.com\/1\/wp-json\/wp\/v2\/posts\/72657","targetHints":{"allow":["GET"]}}],"collection":[{"href":"https:\/\/www.caririemacao.com\/1\/wp-json\/wp\/v2\/posts"}],"about":[{"href":"https:\/\/www.caririemacao.com\/1\/wp-json\/wp\/v2\/types\/post"}],"author":[{"embeddable":true,"href":"https:\/\/www.caririemacao.com\/1\/wp-json\/wp\/v2\/users\/1"}],"replies":[{"embeddable":true,"href":"https:\/\/www.caririemacao.com\/1\/wp-json\/wp\/v2\/comments?post=72657"}],"version-history":[{"count":1,"href":"https:\/\/www.caririemacao.com\/1\/wp-json\/wp\/v2\/posts\/72657\/revisions"}],"predecessor-version":[{"id":72659,"href":"https:\/\/www.caririemacao.com\/1\/wp-json\/wp\/v2\/posts\/72657\/revisions\/72659"}],"wp:featuredmedia":[{"embeddable":true,"href":"https:\/\/www.caririemacao.com\/1\/wp-json\/wp\/v2\/media\/72658"}],"wp:attachment":[{"href":"https:\/\/www.caririemacao.com\/1\/wp-json\/wp\/v2\/media?parent=72657"}],"wp:term":[{"taxonomy":"category","embeddable":true,"href":"https:\/\/www.caririemacao.com\/1\/wp-json\/wp\/v2\/categories?post=72657"},{"taxonomy":"post_tag","embeddable":true,"href":"https:\/\/www.caririemacao.com\/1\/wp-json\/wp\/v2\/tags?post=72657"}],"curies":[{"name":"wp","href":"https:\/\/api.w.org\/{rel}","templated":true}]}}